{"id":1028,"date":"2022-09-01T12:49:25","date_gmt":"2022-09-01T17:49:25","guid":{"rendered":"http:\/\/lared.news\/?p=1028"},"modified":"2022-09-01T13:01:12","modified_gmt":"2022-09-01T18:01:12","slug":"contribuira-gobierno-del-estado-a-prevenir-la-venta-de-pirotecnia","status":"publish","type":"post","link":"http:\/\/lared.news\/index.php\/2022\/09\/01\/contribuira-gobierno-del-estado-a-prevenir-la-venta-de-pirotecnia\/","title":{"rendered":"Contribuir\u00e1 Gobierno del Estado a prevenir la venta de pirotecnia"},"content":{"rendered":"<p>CIUDAD DE PUEBLA, Pue.- Mediante un trabajo institucional y supervisiones de la Coordinaci\u00f3n General de Protecci\u00f3n Civil, <strong>el Gobierno del Estado realizar\u00e1 acciones para prevenir la venta de material pirot\u00e9cnico en el marco de los festejos patrios<\/strong>, indic\u00f3 la secretaria de Gobernaci\u00f3n, Ana Luc\u00eda Hill Mayoral.<\/p>\n<p>La funcionaria estatal se\u00f1al\u00f3 que, <strong>si bien la comercializaci\u00f3n de dicho material debe estar regulada por la Secretar\u00eda de la Defensa Nacional (SEDENA) y vigilada por autoridades municipales<\/strong>, la administraci\u00f3n se sumar\u00e1 a dichos esfuerzos con la finalidad de evitar emergencias que pongan en riesgo la integridad de las y los poblanos.<\/p>\n","protected":false},"excerpt":{"rendered":"<p>CIUDAD DE PUEBLA, Pue.- Mediante un trabajo institucional y supervisiones de la Coordinaci\u00f3n General de<\/p>\n","protected":false},"author":2,"featured_media":1032,"comment_status":"open","ping_status":"open","sticky":false,"template":"","format":"standard","meta":{"footnotes":""},"categories":[7],"tags":[],"class_list":["post-1028","post","type-post","status-publish","format-standard","has-post-thumbnail","hentry","category-mas-noticias"],"jetpack_featured_media_url":"http:\/\/lared.news\/wp-content\/uploads\/2022\/09\/pirotecnia_.jpg","_links":{"self":[{"href":"http:\/\/lared.news\/index.php\/wp-json\/wp\/v2\/posts\/1028","targetHints":{"allow":["GET"]}}],"collection":[{"href":"http:\/\/lared.news\/index.php\/wp-json\/wp\/v2\/posts"}],"about":[{"href":"http:\/\/lared.news\/index.php\/wp-json\/wp\/v2\/types\/post"}],"author":[{"embeddable":true,"href":"http:\/\/lared.news\/index.php\/wp-json\/wp\/v2\/users\/2"}],"replies":[{"embeddable":true,"href":"http:\/\/lared.news\/index.php\/wp-json\/wp\/v2\/comments?post=1028"}],"version-history":[{"count":2,"href":"http:\/\/lared.news\/index.php\/wp-json\/wp\/v2\/posts\/1028\/revisions"}],"predecessor-version":[{"id":1033,"href":"http:\/\/lared.news\/index.php\/wp-json\/wp\/v2\/posts\/1028\/revisions\/1033"}],"wp:featuredmedia":[{"embeddable":true,"href":"http:\/\/lared.news\/index.php\/wp-json\/wp\/v2\/media\/1032"}],"wp:attachment":[{"href":"http:\/\/lared.news\/index.php\/wp-json\/wp\/v2\/media?parent=1028"}],"wp:term":[{"taxonomy":"category","embeddable":true,"href":"http:\/\/lared.news\/index.php\/wp-json\/wp\/v2\/categories?post=1028"},{"taxonomy":"post_tag","embeddable":true,"href":"http:\/\/lared.news\/index.php\/wp-json\/wp\/v2\/tags?post=1028"}],"curies":[{"name":"wp","href":"https:\/\/api.w.org\/{rel}","templated":true}]}}