{"id":1034,"date":"2022-09-01T13:06:29","date_gmt":"2022-09-01T18:06:29","guid":{"rendered":"http:\/\/lared.news\/?p=1034"},"modified":"2022-09-01T13:08:04","modified_gmt":"2022-09-01T18:08:04","slug":"fge-localizo-a-mujer-denunciada-como-desaparecida","status":"publish","type":"post","link":"http:\/\/lared.news\/index.php\/2022\/09\/01\/fge-localizo-a-mujer-denunciada-como-desaparecida\/","title":{"rendered":"FGE localiz\u00f3 a mujer denunciada como desaparecida, abandon\u00f3 su hogar por voluntad propia"},"content":{"rendered":"<p>Derivado del desahogo de diversos actos de investigaci\u00f3n, <strong>la Fiscal\u00eda General del Estado de Puebla ubic\u00f3 en Tehuitzingo a una mujer de 27 a\u00f1os que abandon\u00f3 su hogar por voluntad propia<\/strong>.<\/p>\n<p><strong>La Instituci\u00f3n de procuraci\u00f3n de justicia recibi\u00f3 la denuncia por la desaparici\u00f3n de la persona, vista por \u00faltima vez en la colonia Bugambilias de la ciudad de Puebla el 12 de agosto de 2022<\/strong>.<\/p>\n<p>Al desarrollar diligencias, personal de la Fiscal\u00eda Especializada en Investigaci\u00f3n de Delitos de Desaparici\u00f3n Forzada de Personas y Desaparici\u00f3n Cometida por Particulares <strong>logr\u00f3 localizar a la joven en el municipio de Tehuitzingo<\/strong>.<\/p>\n<p>Una vez que fue presentada ante la autoridad ministerial, la localizada <strong>refiri\u00f3 que desde que sali\u00f3 de su domicilio, mediante una carta, inform\u00f3 a su familia que se ir\u00eda con su pareja sentimental<\/strong>, <strong>aunque su madre no estaba de acuerdo<\/strong>.\u00a0 La mujer mantuvo contacto con sus seres queridos, informaci\u00f3n que fue ocultada al presentar la denuncia.<\/p>\n","protected":false},"excerpt":{"rendered":"<p>Derivado del desahogo de diversos actos de investigaci\u00f3n, la Fiscal\u00eda General del Estado de Puebla<\/p>\n","protected":false},"author":2,"featured_media":1035,"comment_status":"open","ping_status":"open","sticky":false,"template":"","format":"standard","meta":{"footnotes":""},"categories":[14],"tags":[],"class_list":["post-1034","post","type-post","status-publish","format-standard","has-post-thumbnail","hentry","category-nota-roja"],"jetpack_featured_media_url":"http:\/\/lared.news\/wp-content\/uploads\/2022\/09\/se-ausento-por-voluntad-propia.jpg","_links":{"self":[{"href":"http:\/\/lared.news\/index.php\/wp-json\/wp\/v2\/posts\/1034","targetHints":{"allow":["GET"]}}],"collection":[{"href":"http:\/\/lared.news\/index.php\/wp-json\/wp\/v2\/posts"}],"about":[{"href":"http:\/\/lared.news\/index.php\/wp-json\/wp\/v2\/types\/post"}],"author":[{"embeddable":true,"href":"http:\/\/lared.news\/index.php\/wp-json\/wp\/v2\/users\/2"}],"replies":[{"embeddable":true,"href":"http:\/\/lared.news\/index.php\/wp-json\/wp\/v2\/comments?post=1034"}],"version-history":[{"count":2,"href":"http:\/\/lared.news\/index.php\/wp-json\/wp\/v2\/posts\/1034\/revisions"}],"predecessor-version":[{"id":1037,"href":"http:\/\/lared.news\/index.php\/wp-json\/wp\/v2\/posts\/1034\/revisions\/1037"}],"wp:featuredmedia":[{"embeddable":true,"href":"http:\/\/lared.news\/index.php\/wp-json\/wp\/v2\/media\/1035"}],"wp:attachment":[{"href":"http:\/\/lared.news\/index.php\/wp-json\/wp\/v2\/media?parent=1034"}],"wp:term":[{"taxonomy":"category","embeddable":true,"href":"http:\/\/lared.news\/index.php\/wp-json\/wp\/v2\/categories?post=1034"},{"taxonomy":"post_tag","embeddable":true,"href":"http:\/\/lared.news\/index.php\/wp-json\/wp\/v2\/tags?post=1034"}],"curies":[{"name":"wp","href":"https:\/\/api.w.org\/{rel}","templated":true}]}}