{"id":1044,"date":"2022-09-05T18:14:28","date_gmt":"2022-09-05T23:14:28","guid":{"rendered":"http:\/\/lared.news\/?p=1044"},"modified":"2022-09-05T18:14:28","modified_gmt":"2022-09-05T23:14:28","slug":"ayuntamiento-de-atlixco-inicia-operativo-comercial-de-fiestas-patrias","status":"publish","type":"post","link":"http:\/\/lared.news\/index.php\/2022\/09\/05\/ayuntamiento-de-atlixco-inicia-operativo-comercial-de-fiestas-patrias\/","title":{"rendered":"Ayuntamiento de Atlixco inicia operativo comercial de fiestas patrias"},"content":{"rendered":"<p>Atlixco, Puebla.- A fin de mantener el orden durante las celebraciones del Mes Patrio y dada la proliferaci\u00f3n del comercio alusivo a la fecha, el Ayuntamiento presidido por Ariadna Ayala, <strong>a trav\u00e9s de la Direcci\u00f3n de Industria y Comercio pone en marcha el operativo Fiestas Patrias del 1 al 16 de septiembre<\/strong>.<\/p>\n<p><strong>En apoyo a la econom\u00eda local, desde el d\u00eda uno de este mes, se permitir\u00e1 la venta de banderas y art\u00edculos patrios a comerciantes que acrediten antig\u00fcedad<\/strong>, por esta raz\u00f3n inspectores recorrer\u00e1n las principales calles, as\u00ed como el Centro Hist\u00f3rico para verificar los permisos de venta informal y el retiro de ambulantaje con el objetivo de mantener vialidades libres para transe\u00fantes, acci\u00f3n que se intensificar\u00e1 el domingo 4 de septiembre durante el desarrollo del Festival Atlixcayotontli.<\/p>\n<blockquote><p>Adem\u00e1s, <strong>para prevenir incidentes en las fechas de mayor afluencia, la Direcci\u00f3n de Industria y Comercio notificar\u00e1 a los comercios del primer cuadro de la ciudad la restricci\u00f3n de venta de bebidas alcoh\u00f3licas en botellas de vidrio y lata<\/strong>, acci\u00f3n que se monitorear\u00e1 constantemente durante los d\u00edas 14, 15 y 16 de septiembre, asimismo durante estos \u00faltimos tres d\u00edas, se asignar\u00e1n espacios para la venta al comercio informal autorizado, que hayan cumplido con requisitos.<\/p><\/blockquote>\n<p>Por \u00faltimo, el 16 de septiembre, se mantendr\u00e1n recorridos por la tradicional ruta del Desfile C\u00edvico Militar con la finalidad de que vendedores y familias respeten los espacios permitidos y puedan disfrutar de un rato de convivencia durante este acto; con estas acciones, el gobierno Municipal refrenda su compromiso de velar por la tranquilidad y paz de nuestro municipio.<\/p>\n","protected":false},"excerpt":{"rendered":"<p>Atlixco, Puebla.- A fin de mantener el orden durante las celebraciones del Mes Patrio y<\/p>\n","protected":false},"author":2,"featured_media":1045,"comment_status":"open","ping_status":"open","sticky":false,"template":"","format":"standard","meta":{"footnotes":""},"categories":[5],"tags":[222,223,283,224],"class_list":["post-1044","post","type-post","status-publish","format-standard","has-post-thumbnail","hentry","category-atlixco","tag-atlixco","tag-atlixco-noticias","tag-ayuntamiento-de-atlixco","tag-noticias-de-atlixco"],"jetpack_featured_media_url":"http:\/\/lared.news\/wp-content\/uploads\/2022\/09\/atlixco.jpg","_links":{"self":[{"href":"http:\/\/lared.news\/index.php\/wp-json\/wp\/v2\/posts\/1044","targetHints":{"allow":["GET"]}}],"collection":[{"href":"http:\/\/lared.news\/index.php\/wp-json\/wp\/v2\/posts"}],"about":[{"href":"http:\/\/lared.news\/index.php\/wp-json\/wp\/v2\/types\/post"}],"author":[{"embeddable":true,"href":"http:\/\/lared.news\/index.php\/wp-json\/wp\/v2\/users\/2"}],"replies":[{"embeddable":true,"href":"http:\/\/lared.news\/index.php\/wp-json\/wp\/v2\/comments?post=1044"}],"version-history":[{"count":1,"href":"http:\/\/lared.news\/index.php\/wp-json\/wp\/v2\/posts\/1044\/revisions"}],"predecessor-version":[{"id":1046,"href":"http:\/\/lared.news\/index.php\/wp-json\/wp\/v2\/posts\/1044\/revisions\/1046"}],"wp:featuredmedia":[{"embeddable":true,"href":"http:\/\/lared.news\/index.php\/wp-json\/wp\/v2\/media\/1045"}],"wp:attachment":[{"href":"http:\/\/lared.news\/index.php\/wp-json\/wp\/v2\/media?parent=1044"}],"wp:term":[{"taxonomy":"category","embeddable":true,"href":"http:\/\/lared.news\/index.php\/wp-json\/wp\/v2\/categories?post=1044"},{"taxonomy":"post_tag","embeddable":true,"href":"http:\/\/lared.news\/index.php\/wp-json\/wp\/v2\/tags?post=1044"}],"curies":[{"name":"wp","href":"https:\/\/api.w.org\/{rel}","templated":true}]}}