{"id":1048,"date":"2022-09-08T15:46:55","date_gmt":"2022-09-08T20:46:55","guid":{"rendered":"http:\/\/lared.news\/?p=1048"},"modified":"2022-09-08T16:12:33","modified_gmt":"2022-09-08T21:12:33","slug":"hallan-sin-vida-a-joven-reportada-como-desaparecida-en-atlixco","status":"publish","type":"post","link":"http:\/\/lared.news\/index.php\/2022\/09\/08\/hallan-sin-vida-a-joven-reportada-como-desaparecida-en-atlixco\/","title":{"rendered":"Hallan sin vida a joven reportada como desaparecida en Atlixco"},"content":{"rendered":"<p>Atlixco, Puebla.- Estefany Salinas, la joven que fue reportada como desaparecida el d\u00eda mi\u00e9rcoles y fue localizada al d\u00eda siguiente jueves por la madrugada sin vida en la habitaci\u00f3n de un hotel en Atlixco.<\/p>\n<p>De acuerdo con el reporte de sus familiares, la joven habr\u00eda salido a trabajar desde temprano pero no regres\u00f3 a su casa, por lo que sus familiares hicieron p\u00fablica su desaparici\u00f3n a trav\u00e9s de Facebook.<\/p>\n<p>Mediante las redes sociales los familiares dijeron que hab\u00eda sido visto por \u00faltima vez cuando sali\u00f3 de su trabajo, laboraba en una tienda en el centro de esta ciudad.<\/p>\n<p>La joven de fue localizada en una habitaci\u00f3n del AutoHotel \u00c1ngeles, este lugar se ubica en Calzada Oaxaca, a un costado de las oficinas de Comisi\u00f3n Federal de Electricidad (CFE).<\/p>\n<p>Las autoridades correspondientes acudieron al lugar para realizar el levantamiento de cad\u00e1ver e iniciar las investigaciones correspondientes.<\/p>\n<p>Se inform\u00f3 que un empleado del hotel fue quien encontr\u00f3 a la joven sin vida, por lo que de inmediato se dio aviso a las autoridades.<\/p>\n<p>Al llegar al lugar los param\u00e9dicos el cuerpo de la joven no contaba con signos vitales, el cuerpo presuntamente presentaba signos de violencia, se presume que hay un presunto detenido.<\/p>\n<p>&nbsp;<\/p>\n<p><span style=\"color: #0000ff;\"><strong>Ayuntamiento de Atlixco emite comunicado sobre el feminicidio ocurrido:<\/strong><\/span><\/p>\n<p><img loading=\"lazy\" decoding=\"async\" class=\"alignnone wp-image-1051\" src=\"http:\/\/lared.news\/wp-content\/uploads\/2022\/09\/comunicado-300x185.jpg\" alt=\"\" width=\"585\" height=\"361\" srcset=\"http:\/\/lared.news\/wp-content\/uploads\/2022\/09\/comunicado-300x185.jpg 300w, http:\/\/lared.news\/wp-content\/uploads\/2022\/09\/comunicado-1024x631.jpg 1024w, http:\/\/lared.news\/wp-content\/uploads\/2022\/09\/comunicado-768x474.jpg 768w, http:\/\/lared.news\/wp-content\/uploads\/2022\/09\/comunicado.jpg 1200w\" sizes=\"auto, (max-width: 585px) 100vw, 585px\" \/><\/p>\n","protected":false},"excerpt":{"rendered":"<p>Atlixco, Puebla.- Estefany Salinas, la joven que fue reportada como desaparecida el d\u00eda mi\u00e9rcoles y<\/p>\n","protected":false},"author":2,"featured_media":1049,"comment_status":"open","ping_status":"open","sticky":false,"template":"","format":"standard","meta":{"footnotes":""},"categories":[14],"tags":[222,223,287,288],"class_list":["post-1048","post","type-post","status-publish","format-standard","has-post-thumbnail","hentry","category-nota-roja","tag-atlixco","tag-atlixco-noticias","tag-estefany-salinas","tag-hallan-sin-vida-a-joven-reportada-como-desaparecida-en-atlixco"],"jetpack_featured_media_url":"http:\/\/lared.news\/wp-content\/uploads\/2022\/09\/Hallan-sin-vida-a-joven-reportada-como-desaparecida-en-Atlixco.jpg","_links":{"self":[{"href":"http:\/\/lared.news\/index.php\/wp-json\/wp\/v2\/posts\/1048","targetHints":{"allow":["GET"]}}],"collection":[{"href":"http:\/\/lared.news\/index.php\/wp-json\/wp\/v2\/posts"}],"about":[{"href":"http:\/\/lared.news\/index.php\/wp-json\/wp\/v2\/types\/post"}],"author":[{"embeddable":true,"href":"http:\/\/lared.news\/index.php\/wp-json\/wp\/v2\/users\/2"}],"replies":[{"embeddable":true,"href":"http:\/\/lared.news\/index.php\/wp-json\/wp\/v2\/comments?post=1048"}],"version-history":[{"count":2,"href":"http:\/\/lared.news\/index.php\/wp-json\/wp\/v2\/posts\/1048\/revisions"}],"predecessor-version":[{"id":1053,"href":"http:\/\/lared.news\/index.php\/wp-json\/wp\/v2\/posts\/1048\/revisions\/1053"}],"wp:featuredmedia":[{"embeddable":true,"href":"http:\/\/lared.news\/index.php\/wp-json\/wp\/v2\/media\/1049"}],"wp:attachment":[{"href":"http:\/\/lared.news\/index.php\/wp-json\/wp\/v2\/media?parent=1048"}],"wp:term":[{"taxonomy":"category","embeddable":true,"href":"http:\/\/lared.news\/index.php\/wp-json\/wp\/v2\/categories?post=1048"},{"taxonomy":"post_tag","embeddable":true,"href":"http:\/\/lared.news\/index.php\/wp-json\/wp\/v2\/tags?post=1048"}],"curies":[{"name":"wp","href":"https:\/\/api.w.org\/{rel}","templated":true}]}}