{"id":1054,"date":"2022-09-08T16:09:55","date_gmt":"2022-09-08T21:09:55","guid":{"rendered":"http:\/\/lared.news\/?p=1054"},"modified":"2022-09-08T16:11:51","modified_gmt":"2022-09-08T21:11:51","slug":"muere-la-reina-isabel-ii","status":"publish","type":"post","link":"http:\/\/lared.news\/index.php\/2022\/09\/08\/muere-la-reina-isabel-ii\/","title":{"rendered":"Muere la Reina Isabel II"},"content":{"rendered":"<p><strong>Este jueves muri\u00f3 la reina Isabel II a los 96 a\u00f1os de edad<\/strong>. \u201cLa Reina muri\u00f3 pac\u00edficamente en Balmoral esta tarde. El Rey y la Reina Consorte permanecer\u00e1n en Balmoral esta noche y regresar\u00e1n a Londres ma\u00f1ana\u201d, inform\u00f3 la familia real.<\/p>\n<p>Tras la muerte de la reina Isabel II, su hijo Carlos, el nuevo rey de Reino Unido, emiti\u00f3 su primer mensaje en redes sociales.<\/p>\n<p>En el breve mensaje, el primog\u00e9nito de Isabel y Felipe, quien ya recibe el t\u00edtulo de rey por parte de la familia real, lamenta la muerte de su nada madre y pide tiempo para que \u00e9l y su familia se consuelen.<\/p>\n<blockquote><p>\u201cLa muerte de mi amada madre, su Majestad la Reina, es un momento de gran tristeza para m\u00ed y los miembros de mi familia\u201d, inici\u00f3 el mensaje del ahora rey.<\/p><\/blockquote>\n<p>\u201cLamentamos profundamente el fallecimiento de una soberana querida y una madre muy amada. S\u00e9 que su p\u00e9rdida ser\u00e1 profundamente sentida en todo el pa\u00eds, los reinos y la Commonwealth, y por innumerables personas en todo el mundo\u201d, agrega Carlos de Gales.<\/p>\n<p>Reino Unidos ha declarado luto nacional por 10 d\u00edas y las banderas ya ondean a media asta tras la confirmaci\u00f3n de la muerte de la monarca, quien falleci\u00f3 pac\u00edficamente en Balmoral este jueves, seg\u00fan inform\u00f3 la propia familia.<\/p>\n<p>Fuente: Excelsior (M\u00e9xico)<\/p>\n<blockquote class=\"twitter-tweet\">\n<p dir=\"ltr\" lang=\"en\" style=\"text-align: center;\">A statement from His Majesty The King: <a href=\"https:\/\/t.co\/AnBiyZCher\">pic.twitter.com\/AnBiyZCher<\/a><\/p>\n<p style=\"text-align: center;\">\u2014 The Royal Family (@RoyalFamily) <a href=\"https:\/\/twitter.com\/RoyalFamily\/status\/1567936934290329608?ref_src=twsrc%5Etfw\">September 8, 2022<\/a><\/p>\n<\/blockquote>\n<p><script async src=\"https:\/\/platform.twitter.com\/widgets.js\" charset=\"utf-8\"><\/script><\/p>\n","protected":false},"excerpt":{"rendered":"<p>Este jueves muri\u00f3 la reina Isabel II a los 96 a\u00f1os de edad. \u201cLa Reina<\/p>\n","protected":false},"author":2,"featured_media":1055,"comment_status":"open","ping_status":"open","sticky":false,"template":"","format":"standard","meta":{"footnotes":""},"categories":[7],"tags":[285,284,286],"class_list":["post-1054","post","type-post","status-publish","format-standard","has-post-thumbnail","hentry","category-mas-noticias","tag-muere-la-reina-isabel-ii","tag-reina-isabel","tag-rey-carlos"],"jetpack_featured_media_url":"http:\/\/lared.news\/wp-content\/uploads\/2022\/09\/reina-Isabel-II.jpg","_links":{"self":[{"href":"http:\/\/lared.news\/index.php\/wp-json\/wp\/v2\/posts\/1054","targetHints":{"allow":["GET"]}}],"collection":[{"href":"http:\/\/lared.news\/index.php\/wp-json\/wp\/v2\/posts"}],"about":[{"href":"http:\/\/lared.news\/index.php\/wp-json\/wp\/v2\/types\/post"}],"author":[{"embeddable":true,"href":"http:\/\/lared.news\/index.php\/wp-json\/wp\/v2\/users\/2"}],"replies":[{"embeddable":true,"href":"http:\/\/lared.news\/index.php\/wp-json\/wp\/v2\/comments?post=1054"}],"version-history":[{"count":4,"href":"http:\/\/lared.news\/index.php\/wp-json\/wp\/v2\/posts\/1054\/revisions"}],"predecessor-version":[{"id":1059,"href":"http:\/\/lared.news\/index.php\/wp-json\/wp\/v2\/posts\/1054\/revisions\/1059"}],"wp:featuredmedia":[{"embeddable":true,"href":"http:\/\/lared.news\/index.php\/wp-json\/wp\/v2\/media\/1055"}],"wp:attachment":[{"href":"http:\/\/lared.news\/index.php\/wp-json\/wp\/v2\/media?parent=1054"}],"wp:term":[{"taxonomy":"category","embeddable":true,"href":"http:\/\/lared.news\/index.php\/wp-json\/wp\/v2\/categories?post=1054"},{"taxonomy":"post_tag","embeddable":true,"href":"http:\/\/lared.news\/index.php\/wp-json\/wp\/v2\/tags?post=1054"}],"curies":[{"name":"wp","href":"https:\/\/api.w.org\/{rel}","templated":true}]}}