{"id":1060,"date":"2022-09-08T16:38:56","date_gmt":"2022-09-08T21:38:56","guid":{"rendered":"http:\/\/lared.news\/?p=1060"},"modified":"2022-09-08T16:38:56","modified_gmt":"2022-09-08T21:38:56","slug":"gobierno-del-estado-de-puebla-y-ayuntamiento-de-atlixco-realizan-preparativos-para-el-huey-atlixcayotl","status":"publish","type":"post","link":"http:\/\/lared.news\/index.php\/2022\/09\/08\/gobierno-del-estado-de-puebla-y-ayuntamiento-de-atlixco-realizan-preparativos-para-el-huey-atlixcayotl\/","title":{"rendered":"Gobierno del Estado de Puebla y Ayuntamiento de Atlixco realizan preparativos para el Huey Atlixcayotl"},"content":{"rendered":"<p>Atlixco, Puebla.- A fin de continuar preservando la tradici\u00f3n y la riqueza cultural \u00e9tnica del Estado, la presidenta municipal de Atlixco, Ariadna Ayala y personal del Ayuntamiento de Atlixco han sostenido diversas mesas de trabajo con el Gobierno del Estado para <strong>iniciar los preparativos del Festival Huey Atlixcayotl 2022<\/strong>.<\/p>\n<p>Al respecto, Ariadna Ayala expres\u00f3 total respaldo de la comuna atlixquense para coordinar la log\u00edstica, as\u00ed como la tranquila estancia de danzantes y seguridad de espectadores, misma que llega a alcanzar un registro de m\u00e1s de 5 mil visitantes.<\/p>\n<p>\u201cEstamos revisando todos los detalles para que los atlixquenses, turistas nacionales y extranjeros puedan vivir esta fiesta en armon\u00eda y tranquilidad\u201d, acot\u00f3 la mun\u00edcipe.<\/p>\n<p>Por \u00faltimo, afirm\u00f3 que este a\u00f1o, <strong>el Festival Huey Atlixcayotl se llevar\u00e1 a cabo en la Plazuela de la Danza en el cerro de San Miguel<\/strong>, asegur\u00f3 que se trabaja conjuntamente con el Instituto Nacional de Antropolog\u00eda e Historia (INAH), as\u00ed como con el Estado para salvaguardar la riqueza de los vestigios arqueol\u00f3gicos encontrados en el lugar y concluir la obra de rehabilitaci\u00f3n para realizar esta fiesta como lo marca la tradici\u00f3n.<\/p>\n","protected":false},"excerpt":{"rendered":"<p>Atlixco, Puebla.- A fin de continuar preservando la tradici\u00f3n y la riqueza cultural \u00e9tnica del<\/p>\n","protected":false},"author":2,"featured_media":1061,"comment_status":"open","ping_status":"open","sticky":false,"template":"","format":"standard","meta":{"footnotes":""},"categories":[5],"tags":[222,223,289],"class_list":["post-1060","post","type-post","status-publish","format-standard","has-post-thumbnail","hentry","category-atlixco","tag-atlixco","tag-atlixco-noticias","tag-huey-atlixcayotl"],"jetpack_featured_media_url":"http:\/\/lared.news\/wp-content\/uploads\/2022\/09\/atlixcayotl.jpg","_links":{"self":[{"href":"http:\/\/lared.news\/index.php\/wp-json\/wp\/v2\/posts\/1060","targetHints":{"allow":["GET"]}}],"collection":[{"href":"http:\/\/lared.news\/index.php\/wp-json\/wp\/v2\/posts"}],"about":[{"href":"http:\/\/lared.news\/index.php\/wp-json\/wp\/v2\/types\/post"}],"author":[{"embeddable":true,"href":"http:\/\/lared.news\/index.php\/wp-json\/wp\/v2\/users\/2"}],"replies":[{"embeddable":true,"href":"http:\/\/lared.news\/index.php\/wp-json\/wp\/v2\/comments?post=1060"}],"version-history":[{"count":1,"href":"http:\/\/lared.news\/index.php\/wp-json\/wp\/v2\/posts\/1060\/revisions"}],"predecessor-version":[{"id":1062,"href":"http:\/\/lared.news\/index.php\/wp-json\/wp\/v2\/posts\/1060\/revisions\/1062"}],"wp:featuredmedia":[{"embeddable":true,"href":"http:\/\/lared.news\/index.php\/wp-json\/wp\/v2\/media\/1061"}],"wp:attachment":[{"href":"http:\/\/lared.news\/index.php\/wp-json\/wp\/v2\/media?parent=1060"}],"wp:term":[{"taxonomy":"category","embeddable":true,"href":"http:\/\/lared.news\/index.php\/wp-json\/wp\/v2\/categories?post=1060"},{"taxonomy":"post_tag","embeddable":true,"href":"http:\/\/lared.news\/index.php\/wp-json\/wp\/v2\/tags?post=1060"}],"curies":[{"name":"wp","href":"https:\/\/api.w.org\/{rel}","templated":true}]}}