{"id":1063,"date":"2022-09-08T17:06:03","date_gmt":"2022-09-08T22:06:03","guid":{"rendered":"http:\/\/lared.news\/?p=1063"},"modified":"2022-09-08T17:06:03","modified_gmt":"2022-09-08T22:06:03","slug":"el-mejor-mezcal-es-el-poblano","status":"publish","type":"post","link":"http:\/\/lared.news\/index.php\/2022\/09\/08\/el-mejor-mezcal-es-el-poblano\/","title":{"rendered":"El mejor mezcal es el poblano"},"content":{"rendered":"<p>CIUDAD DE PUEBLA, Pue. \u2013 La Secretar\u00eda de Desarrollo Rural (SDR) continuar\u00e1 con las acciones de <strong>posicionamiento y reconocimiento del mezcal poblano, el cual ha sido galardonado a nivel nacional e internacional<\/strong> por encima del de otras entidades como Oaxaca.<\/p>\n<p>Por ello, la dependencia realizar\u00e1 la <strong>Expo Mezcal Orgullo Puebla, la cual agrupar\u00e1 a m\u00e1s de 70 marcas<\/strong> de productoras y productores poblanos, trabajadas y embotelladas <strong>en los 116 municipios con denominaci\u00f3n de origen para esta bebida<\/strong>.<\/p>\n<p>En rueda de prensa, la titular de la Secretar\u00eda, Ana Laura Altamirano P\u00e9rez afirm\u00f3 que actualmente <strong>el mejor mezcal es el poblano<\/strong>, ya que, en el \u00faltimo Concurso Nacional de Mezcal y Destilados, marcas de la entidad ganaron cinco medallas \u201cGran Oro\u201d y otras cinco \u201cOro\u201d, siendo el m\u00e1s galardonado a nivel nacional, lo cual enaltece el trabajo de las y los mezcaleros en el estado.<\/p>\n<p>En ese sentido, destac\u00f3 que <strong>la Expo Mezcal Orgullo Puebla tendr\u00e1 por objetivo posicionar el trabajo de productoras y productores<\/strong>, con venta directa para beneficio de ellos y sus comunidades, generando una derrama econ\u00f3mica para las regiones con tradici\u00f3n mezcalera e impulsar el reconocimiento hacia esta bebida.<\/p>\n<p>Por su parte, el comercializador Enrique Bernal se\u00f1al\u00f3 que <strong>el mezcal ha ganado un gran terreno en el mercado local<\/strong>, por ello es la bebida perfecta para disfrutar en las fiestas patrias de este mes, gracias al trabajo de muchas familias dedicadas a la elaboraci\u00f3n del destilado.<\/p>\n<p><strong>La Expo Mezcal tendr\u00e1 lugar en el Centro de Convenciones Puebla del 9 al 11 de septiembre en horario de 10:00 a 20:00 horas<\/strong>, con actividades para toda la familia y entrada gratuita; este evento incluye un Campeonato de Mixolog\u00eda, el Museo del Mezcal, conferencias, talleres, encuentro de mujeres del mezcal, din\u00e1micas y concursos.<\/p>\n","protected":false},"excerpt":{"rendered":"<p>CIUDAD DE PUEBLA, Pue. \u2013 La Secretar\u00eda de Desarrollo Rural (SDR) continuar\u00e1 con las acciones<\/p>\n","protected":false},"author":2,"featured_media":1064,"comment_status":"open","ping_status":"open","sticky":false,"template":"","format":"standard","meta":{"footnotes":""},"categories":[7],"tags":[292,291,293,290,235,237],"class_list":["post-1063","post","type-post","status-publish","format-standard","has-post-thumbnail","hentry","category-mas-noticias","tag-expo-mezcal-orgullo-puebla","tag-mezcal","tag-mezcal-orgullo-puebla","tag-mezcal-poblano","tag-puebla","tag-puebla-noticias"],"jetpack_featured_media_url":"http:\/\/lared.news\/wp-content\/uploads\/2022\/09\/mezcal.jpg","_links":{"self":[{"href":"http:\/\/lared.news\/index.php\/wp-json\/wp\/v2\/posts\/1063","targetHints":{"allow":["GET"]}}],"collection":[{"href":"http:\/\/lared.news\/index.php\/wp-json\/wp\/v2\/posts"}],"about":[{"href":"http:\/\/lared.news\/index.php\/wp-json\/wp\/v2\/types\/post"}],"author":[{"embeddable":true,"href":"http:\/\/lared.news\/index.php\/wp-json\/wp\/v2\/users\/2"}],"replies":[{"embeddable":true,"href":"http:\/\/lared.news\/index.php\/wp-json\/wp\/v2\/comments?post=1063"}],"version-history":[{"count":1,"href":"http:\/\/lared.news\/index.php\/wp-json\/wp\/v2\/posts\/1063\/revisions"}],"predecessor-version":[{"id":1065,"href":"http:\/\/lared.news\/index.php\/wp-json\/wp\/v2\/posts\/1063\/revisions\/1065"}],"wp:featuredmedia":[{"embeddable":true,"href":"http:\/\/lared.news\/index.php\/wp-json\/wp\/v2\/media\/1064"}],"wp:attachment":[{"href":"http:\/\/lared.news\/index.php\/wp-json\/wp\/v2\/media?parent=1063"}],"wp:term":[{"taxonomy":"category","embeddable":true,"href":"http:\/\/lared.news\/index.php\/wp-json\/wp\/v2\/categories?post=1063"},{"taxonomy":"post_tag","embeddable":true,"href":"http:\/\/lared.news\/index.php\/wp-json\/wp\/v2\/tags?post=1063"}],"curies":[{"name":"wp","href":"https:\/\/api.w.org\/{rel}","templated":true}]}}