{"id":1066,"date":"2022-09-08T17:12:10","date_gmt":"2022-09-08T22:12:10","guid":{"rendered":"http:\/\/lared.news\/?p=1066"},"modified":"2022-09-08T17:21:59","modified_gmt":"2022-09-08T22:21:59","slug":"desarrollara-ieea-periodo-de-aplicacion-de-examenes-para-educacion-basica","status":"publish","type":"post","link":"http:\/\/lared.news\/index.php\/2022\/09\/08\/desarrollara-ieea-periodo-de-aplicacion-de-examenes-para-educacion-basica\/","title":{"rendered":"Desarrollar\u00e1 IEEA periodo de aplicaci\u00f3n de ex\u00e1menes para educaci\u00f3n b\u00e1sica"},"content":{"rendered":"<p>CIUDAD DE PUEBLA, Pue. \u2013 Del 8 al 18 de septiembre, el Instituto Estatal de Educaci\u00f3n para Adultos <strong>(IEEA) aplicar\u00e1 ex\u00e1menes para que las y los poblanos puedan iniciar, continuar o concluir su educaci\u00f3n b\u00e1sica<\/strong> (primaria y secundaria).<\/p>\n<blockquote><p>Las evaluaciones son dirigidas a las y los educandos del IEEA, as\u00ed como a la poblaci\u00f3n mayor de 15 a\u00f1os que est\u00e9 interesada en finalizar dichos niveles acad\u00e9micos. Asimismo, quienes tienen entre 10 y 14 a\u00f1os y requieren acreditar la educaci\u00f3n primaria, tambi\u00e9n tendr\u00e1n oportunidad de hacerlo.<\/p><\/blockquote>\n<p>Los ex\u00e1menes podr\u00e1n presentarse en modalidad escrita o en l\u00ednea, y las personas que acrediten la primaria o secundaria recibir\u00e1n el certificado correspondiente con validez oficial de la Secretar\u00eda de Educaci\u00f3n.<\/p>\n<p>Igualmente, las y los educandos que ya est\u00e1n en atenci\u00f3n educativa y requieren concluir alg\u00fan nivel, podr\u00e1n aplicar las evaluaciones, as\u00ed como quienes ingresen como nuevas incorporaciones.<\/p>\n<p>El IEEA recuerda a las personas interesadas en concluir sus estudios de educaci\u00f3n b\u00e1sica, que los programas, servicios, materiales y tr\u00e1mites que ofrece son gratuitos y de car\u00e1cter oficial. Para m\u00e1s informaci\u00f3n, las y los interesados pueden llamar al n\u00famero 22 22 11 60 08 o acudir a la coordinaci\u00f3n de zona m\u00e1s cercana a su domicilio.<\/p>\n","protected":false},"excerpt":{"rendered":"<p>CIUDAD DE PUEBLA, Pue. \u2013 Del 8 al 18 de septiembre, el Instituto Estatal de<\/p>\n","protected":false},"author":2,"featured_media":1067,"comment_status":"open","ping_status":"open","sticky":false,"template":"","format":"standard","meta":{"footnotes":""},"categories":[7],"tags":[294],"class_list":["post-1066","post","type-post","status-publish","format-standard","has-post-thumbnail","hentry","category-mas-noticias","tag-instituto-estatal-de-educacion-para-adultos"],"jetpack_featured_media_url":"http:\/\/lared.news\/wp-content\/uploads\/2022\/09\/IEEA.jpg","_links":{"self":[{"href":"http:\/\/lared.news\/index.php\/wp-json\/wp\/v2\/posts\/1066","targetHints":{"allow":["GET"]}}],"collection":[{"href":"http:\/\/lared.news\/index.php\/wp-json\/wp\/v2\/posts"}],"about":[{"href":"http:\/\/lared.news\/index.php\/wp-json\/wp\/v2\/types\/post"}],"author":[{"embeddable":true,"href":"http:\/\/lared.news\/index.php\/wp-json\/wp\/v2\/users\/2"}],"replies":[{"embeddable":true,"href":"http:\/\/lared.news\/index.php\/wp-json\/wp\/v2\/comments?post=1066"}],"version-history":[{"count":1,"href":"http:\/\/lared.news\/index.php\/wp-json\/wp\/v2\/posts\/1066\/revisions"}],"predecessor-version":[{"id":1068,"href":"http:\/\/lared.news\/index.php\/wp-json\/wp\/v2\/posts\/1066\/revisions\/1068"}],"wp:featuredmedia":[{"embeddable":true,"href":"http:\/\/lared.news\/index.php\/wp-json\/wp\/v2\/media\/1067"}],"wp:attachment":[{"href":"http:\/\/lared.news\/index.php\/wp-json\/wp\/v2\/media?parent=1066"}],"wp:term":[{"taxonomy":"category","embeddable":true,"href":"http:\/\/lared.news\/index.php\/wp-json\/wp\/v2\/categories?post=1066"},{"taxonomy":"post_tag","embeddable":true,"href":"http:\/\/lared.news\/index.php\/wp-json\/wp\/v2\/tags?post=1066"}],"curies":[{"name":"wp","href":"https:\/\/api.w.org\/{rel}","templated":true}]}}