{"id":1103,"date":"2022-09-19T18:51:48","date_gmt":"2022-09-19T23:51:48","guid":{"rendered":"http:\/\/lared.news\/?p=1103"},"modified":"2022-09-19T18:51:48","modified_gmt":"2022-09-19T23:51:48","slug":"en-atlixco-realizan-convite-para-el-festival-huey-atlixcayotl-2022","status":"publish","type":"post","link":"http:\/\/lared.news\/index.php\/2022\/09\/19\/en-atlixco-realizan-convite-para-el-festival-huey-atlixcayotl-2022\/","title":{"rendered":"En Atlixco realizan convite para el festival Huey Atlixcayotl 2022"},"content":{"rendered":"<p>Atlixco, Puebla.- Como lo marca la tradici\u00f3n, un domingo previo al Huey Atlixcayotl, la presidenta municipal de Atlixco, Ariadna Ayala, acompa\u00f1ada de familias atlixquenses, turistas, representantes de la sociedad, as\u00ed como m\u00e1s de 500 danzantes, recorrieron las principales calles de la ciudad para invitar a la edici\u00f3n n\u00famero 57 de este festival, el cual se llevar\u00e1 a cabo los d\u00edas 24 y 25 de septiembre en este Pueblo M\u00e1gico.<\/p>\n<p>En punto de las 10 de la ma\u00f1ana, los contingentes salieron del parque del Ahuehuete para desfilar por la tradicional ruta, visitando los principales templos de la ciudad, tal y como se hac\u00eda en el pasado para invitar a la poblaci\u00f3n a disfrutar de esta festividad.<\/p>\n<p><img loading=\"lazy\" decoding=\"async\" class=\"wp-image-1105 aligncenter\" src=\"http:\/\/lared.news\/wp-content\/uploads\/2022\/09\/atlixcayotl_1-300x169.jpg\" alt=\"\" width=\"476\" height=\"268\" srcset=\"http:\/\/lared.news\/wp-content\/uploads\/2022\/09\/atlixcayotl_1-300x169.jpg 300w, http:\/\/lared.news\/wp-content\/uploads\/2022\/09\/atlixcayotl_1-1024x576.jpg 1024w, http:\/\/lared.news\/wp-content\/uploads\/2022\/09\/atlixcayotl_1-768x432.jpg 768w, http:\/\/lared.news\/wp-content\/uploads\/2022\/09\/atlixcayotl_1-1536x864.jpg 1536w, http:\/\/lared.news\/wp-content\/uploads\/2022\/09\/atlixcayotl_1-800x450.jpg 800w, http:\/\/lared.news\/wp-content\/uploads\/2022\/09\/atlixcayotl_1.jpg 1920w\" sizes=\"auto, (max-width: 476px) 100vw, 476px\" \/><\/p>\n<p>Al respecto, la edil inform\u00f3 que este a\u00f1o el festival regresar\u00e1 a la Plazuela de la Danza, gracias al apoyo del Gobierno del Estado que contribuy\u00f3 a su rehabilitaci\u00f3n, asimismo, se\u00f1al\u00f3 que se trabajar\u00e1 en una estrategia para equilibrar el n\u00famero de ocupantes en la explanada principal para que locales, as\u00ed como turistas nacionales y extranjeros puedan disfrutar del evento.<\/p>\n<p>\u201cEstamos muy emocionados porque vinieron m\u00e1s municipios de los que ten\u00edamos contemplados; estas acciones nos permiten fortalecer el sentido de identidad, adem\u00e1s de resaltar la importancia de nuestros pueblos originarios con respeto y camarader\u00eda, pues ellos son las estrellas de la fiesta\u201d, concluy\u00f3.<\/p>\n<p><img loading=\"lazy\" decoding=\"async\" class=\" wp-image-1106 aligncenter\" src=\"http:\/\/lared.news\/wp-content\/uploads\/2022\/09\/atlixcayotl_2-300x169.jpg\" alt=\"\" width=\"490\" height=\"276\" srcset=\"http:\/\/lared.news\/wp-content\/uploads\/2022\/09\/atlixcayotl_2-300x169.jpg 300w, http:\/\/lared.news\/wp-content\/uploads\/2022\/09\/atlixcayotl_2-1024x576.jpg 1024w, http:\/\/lared.news\/wp-content\/uploads\/2022\/09\/atlixcayotl_2-768x432.jpg 768w, http:\/\/lared.news\/wp-content\/uploads\/2022\/09\/atlixcayotl_2-1536x864.jpg 1536w, http:\/\/lared.news\/wp-content\/uploads\/2022\/09\/atlixcayotl_2-800x450.jpg 800w, http:\/\/lared.news\/wp-content\/uploads\/2022\/09\/atlixcayotl_2.jpg 1920w\" sizes=\"auto, (max-width: 490px) 100vw, 490px\" \/><\/p>\n<p>El s\u00e1bado 24 de septiembre, se realizar\u00e1 la tradicional <strong>Peregrinaci\u00f3n de Danzantes que partir\u00e1 de la Estaci\u00f3n del Ferrocarril hacia la Ermita de San Miguel alrededor de las 8:30 horas<\/strong>, donde todos los participantes agradecer\u00e1n el haber llegado con bien al municipio y pedir\u00e1n para que este evento concluya satisfactoriamente.<\/p>\n<p>Por la tarde, los asistentes podr\u00e1n disfrutar de un Encuentro de Chinas Atlixquenses y Charros de a Pie a las 6 pm en Plaza de Armas, para dar paso a la <strong>Elecci\u00f3n de la Xochizihuatl 2022<\/strong> y al concluir podr\u00e1n presenciar un documental alusivo al Atlixcayotl.<\/p>\n<p><img loading=\"lazy\" decoding=\"async\" class=\" wp-image-1107 aligncenter\" src=\"http:\/\/lared.news\/wp-content\/uploads\/2022\/09\/tecuanes-300x169.jpg\" alt=\"\" width=\"483\" height=\"272\" srcset=\"http:\/\/lared.news\/wp-content\/uploads\/2022\/09\/tecuanes-300x169.jpg 300w, http:\/\/lared.news\/wp-content\/uploads\/2022\/09\/tecuanes-1024x576.jpg 1024w, http:\/\/lared.news\/wp-content\/uploads\/2022\/09\/tecuanes-768x432.jpg 768w, http:\/\/lared.news\/wp-content\/uploads\/2022\/09\/tecuanes-1536x864.jpg 1536w, http:\/\/lared.news\/wp-content\/uploads\/2022\/09\/tecuanes-800x450.jpg 800w, http:\/\/lared.news\/wp-content\/uploads\/2022\/09\/tecuanes.jpg 1920w\" sizes=\"auto, (max-width: 483px) 100vw, 483px\" \/><\/p>\n<p>Por \u00faltimo, <strong>el d\u00eda 25 de septiembre, los danzantes saldr\u00e1n del parque del Ahuehuete hac\u00eda la Plazuela de la Danza a las 9 de la ma\u00f1ana, y a las 10 horas<\/strong>, con la presencia del Gobernador del Estado de Puebla, Luis Miguel Barbosa Huerta, dar\u00e1 inicio la edici\u00f3n n\u00famero 57 del Festival Huey Atlixcayotl, en pr\u00f3ximos d\u00edas se dar\u00e1 a conocer a trav\u00e9s de las redes sociales oficiales la din\u00e1mica de entrega de boletos a quienes deseen asistir.<\/p>\n","protected":false},"excerpt":{"rendered":"<p>Atlixco, Puebla.- Como lo marca la tradici\u00f3n, un domingo previo al Huey Atlixcayotl, la presidenta<\/p>\n","protected":false},"author":2,"featured_media":1104,"comment_status":"open","ping_status":"open","sticky":false,"template":"","format":"standard","meta":{"footnotes":""},"categories":[5],"tags":[222,223,310,289,309,311],"class_list":["post-1103","post","type-post","status-publish","format-standard","has-post-thumbnail","hentry","category-atlixco","tag-atlixco","tag-atlixco-noticias","tag-ermita-de-san-miguel","tag-huey-atlixcayotl","tag-parque-del-ahuehuete","tag-xochizihuatl"],"jetpack_featured_media_url":"http:\/\/lared.news\/wp-content\/uploads\/2022\/09\/atlixcayotl_.jpg","_links":{"self":[{"href":"http:\/\/lared.news\/index.php\/wp-json\/wp\/v2\/posts\/1103","targetHints":{"allow":["GET"]}}],"collection":[{"href":"http:\/\/lared.news\/index.php\/wp-json\/wp\/v2\/posts"}],"about":[{"href":"http:\/\/lared.news\/index.php\/wp-json\/wp\/v2\/types\/post"}],"author":[{"embeddable":true,"href":"http:\/\/lared.news\/index.php\/wp-json\/wp\/v2\/users\/2"}],"replies":[{"embeddable":true,"href":"http:\/\/lared.news\/index.php\/wp-json\/wp\/v2\/comments?post=1103"}],"version-history":[{"count":1,"href":"http:\/\/lared.news\/index.php\/wp-json\/wp\/v2\/posts\/1103\/revisions"}],"predecessor-version":[{"id":1108,"href":"http:\/\/lared.news\/index.php\/wp-json\/wp\/v2\/posts\/1103\/revisions\/1108"}],"wp:featuredmedia":[{"embeddable":true,"href":"http:\/\/lared.news\/index.php\/wp-json\/wp\/v2\/media\/1104"}],"wp:attachment":[{"href":"http:\/\/lared.news\/index.php\/wp-json\/wp\/v2\/media?parent=1103"}],"wp:term":[{"taxonomy":"category","embeddable":true,"href":"http:\/\/lared.news\/index.php\/wp-json\/wp\/v2\/categories?post=1103"},{"taxonomy":"post_tag","embeddable":true,"href":"http:\/\/lared.news\/index.php\/wp-json\/wp\/v2\/tags?post=1103"}],"curies":[{"name":"wp","href":"https:\/\/api.w.org\/{rel}","templated":true}]}}