{"id":1331,"date":"2022-11-24T15:42:13","date_gmt":"2022-11-24T21:42:13","guid":{"rendered":"http:\/\/lared.news\/?p=1331"},"modified":"2022-11-24T15:50:15","modified_gmt":"2022-11-24T21:50:15","slug":"ex-edil-de-serdan-y-3-regidores-vinculados-a-proceso-por-hechos-de-corrupcion-cometidos-durante-la-administracion-2014-2018","status":"publish","type":"post","link":"http:\/\/lared.news\/index.php\/2022\/11\/24\/ex-edil-de-serdan-y-3-regidores-vinculados-a-proceso-por-hechos-de-corrupcion-cometidos-durante-la-administracion-2014-2018\/","title":{"rendered":"Ex edil de Serd\u00e1n y 3 regidores, vinculados a proceso por hechos de corrupci\u00f3n cometidos durante la administraci\u00f3n 2014-2018"},"content":{"rendered":"<p>Con el aporte de datos probatorios, la Fiscal\u00eda General del Estado de Puebla obtuvo la <strong>vinculaci\u00f3n a proceso de Juan N., Mar\u00eda del Rosario N., Mar\u00eda Eva N. e Irving Alberto N. por el delito de ejercicio indebido de funciones p\u00fablicas<\/strong>.<\/p>\n<p>En seguimiento al proceso judicial en contra del ex presidente municipal de Ciudad Serd\u00e1n Juan N., las regidoras Mar\u00eda del Rosario N., Mar\u00eda Eva N. y el regidor Irving Alberto N., la Instituci\u00f3n de procuraci\u00f3n de justicia exhibi\u00f3 en las respectivas audiencias, informaci\u00f3n relacionada con posibles <strong>hechos de corrupci\u00f3n cometidos durante la administraci\u00f3n 2014-2018<\/strong>.<\/p>\n<p style=\"padding-left: 40px;\">De acuerdo con la investigaci\u00f3n, <strong>las personas imputadas aprobaron la desincorporaci\u00f3n de la Central de Abasto del Ayuntamiento y otorgaron el inmueble jur\u00eddicamente a particulares, presuntamente ocasionando un da\u00f1o patrimonial por m\u00e1s de $22,755,000.00<\/strong><\/p>\n<p>La Fiscal\u00eda General del Estado sustent\u00f3 datos de prueba con los que el Juez de Control vincul\u00f3 a proceso a Juan N., Mar\u00eda Eva N., Mar\u00eda del Rosario N. e Irving Alberto N.<\/p>\n<p>Las cuatro personas permanecen con la medida cautelar de prisi\u00f3n preventiva justificada hasta que concluya la investigaci\u00f3n complementaria.<\/p>\n","protected":false},"excerpt":{"rendered":"<p>Con el aporte de datos probatorios, la Fiscal\u00eda General del Estado de Puebla obtuvo la<\/p>\n","protected":false},"author":2,"featured_media":1332,"comment_status":"open","ping_status":"open","sticky":false,"template":"","format":"standard","meta":{"footnotes":""},"categories":[14],"tags":[421,378,420,419],"class_list":["post-1331","post","type-post","status-publish","format-standard","has-post-thumbnail","hentry","category-nota-roja","tag-central-de-abasto-de-serdan","tag-fiscalia-general-del-estado-de-puebla","tag-proceso-judicial-en-contra-del-ex-presidente-municipal-de-ciudad-serdan","tag-serdan"],"jetpack_featured_media_url":"http:\/\/lared.news\/wp-content\/uploads\/2022\/11\/VP_Serdan_baja.jpg","_links":{"self":[{"href":"http:\/\/lared.news\/index.php\/wp-json\/wp\/v2\/posts\/1331","targetHints":{"allow":["GET"]}}],"collection":[{"href":"http:\/\/lared.news\/index.php\/wp-json\/wp\/v2\/posts"}],"about":[{"href":"http:\/\/lared.news\/index.php\/wp-json\/wp\/v2\/types\/post"}],"author":[{"embeddable":true,"href":"http:\/\/lared.news\/index.php\/wp-json\/wp\/v2\/users\/2"}],"replies":[{"embeddable":true,"href":"http:\/\/lared.news\/index.php\/wp-json\/wp\/v2\/comments?post=1331"}],"version-history":[{"count":1,"href":"http:\/\/lared.news\/index.php\/wp-json\/wp\/v2\/posts\/1331\/revisions"}],"predecessor-version":[{"id":1333,"href":"http:\/\/lared.news\/index.php\/wp-json\/wp\/v2\/posts\/1331\/revisions\/1333"}],"wp:featuredmedia":[{"embeddable":true,"href":"http:\/\/lared.news\/index.php\/wp-json\/wp\/v2\/media\/1332"}],"wp:attachment":[{"href":"http:\/\/lared.news\/index.php\/wp-json\/wp\/v2\/media?parent=1331"}],"wp:term":[{"taxonomy":"category","embeddable":true,"href":"http:\/\/lared.news\/index.php\/wp-json\/wp\/v2\/categories?post=1331"},{"taxonomy":"post_tag","embeddable":true,"href":"http:\/\/lared.news\/index.php\/wp-json\/wp\/v2\/tags?post=1331"}],"curies":[{"name":"wp","href":"https:\/\/api.w.org\/{rel}","templated":true}]}}