{"id":1537,"date":"2023-01-02T16:36:45","date_gmt":"2023-01-02T22:36:45","guid":{"rendered":"http:\/\/lared.news\/?p=1537"},"modified":"2023-01-02T16:37:27","modified_gmt":"2023-01-02T22:37:27","slug":"otorga-smt-plazo-de-15-dias-a-unidades-de-municipios-donde-hay-verificentros","status":"publish","type":"post","link":"http:\/\/lared.news\/index.php\/2023\/01\/02\/otorga-smt-plazo-de-15-dias-a-unidades-de-municipios-donde-hay-verificentros\/","title":{"rendered":"Otorga SMT plazo de 15 d\u00edas a unidades de municipios donde hay verificentros"},"content":{"rendered":"<p>Puebla .- La titular de la Secretar\u00eda de Movilidad y Transporte, Elsa Bracamonte Gonz\u00e1lez coment\u00f3 que <strong>en el caso de Puebla, San Andr\u00e9s Cholula, Huejotzingo, San Mart\u00edn Texmelucan, Atlixco y Tehuac\u00e1n, habr\u00e1 un plazo de 15 d\u00edas para que los transportistas puedan llevar a cabo la verificaci\u00f3n de sus unidades, ya que despu\u00e9s de ese periodo, los veh\u00edculos que no cuenten con el holograma ser\u00e1n retirados de circulaci\u00f3n<\/strong>.<\/p>\n<p>Lo anterior, dijo, <strong>tambi\u00e9n ser\u00e1 aplicable para unidades de aplicaciones mercantiles acreditadas en el estado como Didi, Uber y Cabify<\/strong>.<\/p>\n<p>Reiter\u00f3 que estar\u00e1n exentas de las supervisiones las unidades de aquellos municipios donde no hay centros de verificaci\u00f3n.<\/p>\n","protected":false},"excerpt":{"rendered":"<p>Puebla .- La titular de la Secretar\u00eda de Movilidad y Transporte, Elsa Bracamonte Gonz\u00e1lez coment\u00f3<\/p>\n","protected":false},"author":2,"featured_media":1538,"comment_status":"open","ping_status":"open","sticky":false,"template":"","format":"standard","meta":{"footnotes":""},"categories":[7],"tags":[570],"class_list":["post-1537","post","type-post","status-publish","format-standard","has-post-thumbnail","hentry","category-mas-noticias","tag-verificentros-en-puebla"],"jetpack_featured_media_url":"http:\/\/lared.news\/wp-content\/uploads\/2023\/01\/verificentros.jpg","_links":{"self":[{"href":"http:\/\/lared.news\/index.php\/wp-json\/wp\/v2\/posts\/1537","targetHints":{"allow":["GET"]}}],"collection":[{"href":"http:\/\/lared.news\/index.php\/wp-json\/wp\/v2\/posts"}],"about":[{"href":"http:\/\/lared.news\/index.php\/wp-json\/wp\/v2\/types\/post"}],"author":[{"embeddable":true,"href":"http:\/\/lared.news\/index.php\/wp-json\/wp\/v2\/users\/2"}],"replies":[{"embeddable":true,"href":"http:\/\/lared.news\/index.php\/wp-json\/wp\/v2\/comments?post=1537"}],"version-history":[{"count":2,"href":"http:\/\/lared.news\/index.php\/wp-json\/wp\/v2\/posts\/1537\/revisions"}],"predecessor-version":[{"id":1540,"href":"http:\/\/lared.news\/index.php\/wp-json\/wp\/v2\/posts\/1537\/revisions\/1540"}],"wp:featuredmedia":[{"embeddable":true,"href":"http:\/\/lared.news\/index.php\/wp-json\/wp\/v2\/media\/1538"}],"wp:attachment":[{"href":"http:\/\/lared.news\/index.php\/wp-json\/wp\/v2\/media?parent=1537"}],"wp:term":[{"taxonomy":"category","embeddable":true,"href":"http:\/\/lared.news\/index.php\/wp-json\/wp\/v2\/categories?post=1537"},{"taxonomy":"post_tag","embeddable":true,"href":"http:\/\/lared.news\/index.php\/wp-json\/wp\/v2\/tags?post=1537"}],"curies":[{"name":"wp","href":"https:\/\/api.w.org\/{rel}","templated":true}]}}