{"id":1544,"date":"2023-01-04T13:46:53","date_gmt":"2023-01-04T19:46:53","guid":{"rendered":"http:\/\/lared.news\/?p=1544"},"modified":"2023-01-04T14:11:47","modified_gmt":"2023-01-04T20:11:47","slug":"1544","status":"publish","type":"post","link":"http:\/\/lared.news\/index.php\/2023\/01\/04\/1544\/","title":{"rendered":"Sanci\u00f3n a Lewandowski de tres partidos"},"content":{"rendered":"<p><strong>El Tribunal de Arbitraje Deportivo (TAD) confirm\u00f3 la sanci\u00f3n de tres partidos al delantero del FC Barcelona, Robert Lewandowski<\/strong>, que <strong>fue expulsado por doble amarilla y sancionado por un gesto ofensivo hacia el \u00e1rbitro<\/strong>, y deja sin efecto la cautelar\u00edsima de la justicia espa\u00f1ola que s\u00ed permiti\u00f3 al &#8216;9&#8217; jugar el derbi contra el RCD Espanyol.<\/p>\n<p style=\"padding-left: 40px;\">Tras estudiar el fondo de la causa, el TAD considera que <strong>Lewandowski s\u00ed debe cumplir esos tres partidos de sanci\u00f3n<\/strong> y, salvo un nuevo recurso del FC Barcelona ante la justicia ordinaria, el internacional polaco se perder\u00eda, por esa sanci\u00f3n que arrastra, los partidos de LaLiga Santander ante Atl\u00e9tico de Madrid, Getafe y Girona.<\/p>\n<p>Pese a que Robert Lewandowski s\u00ed jug\u00f3 el derbi (1-1 en el Spotify Camp Nou) contra el RCD Espanyol del pasado 31 de diciembre, gracias a la cautelar\u00edsima lograda en el Tribunal Central de lo Contencioso de Madrid, esta \u00faltima resoluci\u00f3n del TAD anular\u00eda esa cautelar\u00edsima.<\/p>\n<p>Previamente, tanto el Comit\u00e9 de Competici\u00f3n como el Comit\u00e9 de Apelaci\u00f3n de la Real Federaci\u00f3n Espa\u00f1ola de Futbol (RFEF) como el Tribunal de Arbitraje Deportivo (TAD) desestimaron las alegaciones del FC Barcelona, que decidi\u00f3 ir a la justicia ordinaria. No obstante, este segundo rev\u00e9s del TAD lo puede cambiar todo.<\/p>\n<p><strong>El caso sigue complic\u00e1ndose, ya que Lewandowski jug\u00f3 ante el Espanyol en lo que el club blanquiazul consider\u00f3 una &#8220;injusticia&#8221;<\/strong>. Tanto que pidi\u00f3 impugnar el partido &#8211;para lograr la victoria en los despachos&#8211; por alineaci\u00f3n indebida del goleador &#8216;cul\u00e9&#8217;.<\/p>\n<p><strong>La sanci\u00f3n de tres partidos se debe a uno por la doble amarilla y a dos m\u00e1s por el gesto de llevarse el dedo a la nariz que el colegiado del duelo ante Osasuna, Gil Manzano, consider\u00f3 un menosprecio hacia su persona<\/strong>.<\/p>\n","protected":false},"excerpt":{"rendered":"<p>El Tribunal de Arbitraje Deportivo (TAD) confirm\u00f3 la sanci\u00f3n de tres partidos al delantero del<\/p>\n","protected":false},"author":2,"featured_media":1545,"comment_status":"open","ping_status":"open","sticky":false,"template":"","format":"standard","meta":{"footnotes":""},"categories":[11],"tags":[576,577,575],"class_list":["post-1544","post","type-post","status-publish","format-standard","has-post-thumbnail","hentry","category-deportes","tag-fc-barcelona","tag-robert-lewandowski","tag-tribunal-de-arbitraje-deportivo-tad"],"jetpack_featured_media_url":"http:\/\/lared.news\/wp-content\/uploads\/2023\/01\/Lewandowski.jpg","_links":{"self":[{"href":"http:\/\/lared.news\/index.php\/wp-json\/wp\/v2\/posts\/1544","targetHints":{"allow":["GET"]}}],"collection":[{"href":"http:\/\/lared.news\/index.php\/wp-json\/wp\/v2\/posts"}],"about":[{"href":"http:\/\/lared.news\/index.php\/wp-json\/wp\/v2\/types\/post"}],"author":[{"embeddable":true,"href":"http:\/\/lared.news\/index.php\/wp-json\/wp\/v2\/users\/2"}],"replies":[{"embeddable":true,"href":"http:\/\/lared.news\/index.php\/wp-json\/wp\/v2\/comments?post=1544"}],"version-history":[{"count":2,"href":"http:\/\/lared.news\/index.php\/wp-json\/wp\/v2\/posts\/1544\/revisions"}],"predecessor-version":[{"id":1547,"href":"http:\/\/lared.news\/index.php\/wp-json\/wp\/v2\/posts\/1544\/revisions\/1547"}],"wp:featuredmedia":[{"embeddable":true,"href":"http:\/\/lared.news\/index.php\/wp-json\/wp\/v2\/media\/1545"}],"wp:attachment":[{"href":"http:\/\/lared.news\/index.php\/wp-json\/wp\/v2\/media?parent=1544"}],"wp:term":[{"taxonomy":"category","embeddable":true,"href":"http:\/\/lared.news\/index.php\/wp-json\/wp\/v2\/categories?post=1544"},{"taxonomy":"post_tag","embeddable":true,"href":"http:\/\/lared.news\/index.php\/wp-json\/wp\/v2\/tags?post=1544"}],"curies":[{"name":"wp","href":"https:\/\/api.w.org\/{rel}","templated":true}]}}