{"id":1548,"date":"2023-01-04T14:14:27","date_gmt":"2023-01-04T20:14:27","guid":{"rendered":"http:\/\/lared.news\/?p=1548"},"modified":"2023-01-04T14:14:27","modified_gmt":"2023-01-04T20:14:27","slug":"estados-unidos-se-queda-sin-director-tecnico","status":"publish","type":"post","link":"http:\/\/lared.news\/index.php\/2023\/01\/04\/estados-unidos-se-queda-sin-director-tecnico\/","title":{"rendered":"Estados Unidos se queda sin Director T\u00e9cnico"},"content":{"rendered":"<p>Estados Unidos se qued\u00f3 sin t\u00e9cnico luego que la Federaci\u00f3n de Futbol anunci\u00f3 que Gregg Berhalter fue removido en medio de la investigaci\u00f3n por un acto de violencia que cometi\u00f3 en su juventud.<\/p>\n<p><strong>El timonel fue acusado de violencia contra su esposa Rosalind por lo que est\u00e1 sujeto a investigaci\u00f3n<\/strong>, adem\u00e1s de que un grupo t\u00e9cnico analiza la parte deportiva tras el Mundial de Qatar 2022, en donde Estados Unidos fue eliminado en Octavos de Final.<\/p>\n<p><strong>&#8220;Tras conocer las acusaciones contra el t\u00e9cnico de la Selecci\u00f3n de Estados Unidos, Gregg Berhalter, en diciembre 11, la Federaci\u00f3n inmediatamente contrat\u00f3 una empresa para realizar una investigaci\u00f3n independiente&#8221;<\/strong>, explic\u00f3 el organismo rector del balompi\u00e9 estadounidense.<\/p>\n<p>&#8220;El pasado mes, la Federaci\u00f3n lanz\u00f3 una revisi\u00f3n t\u00e9cnica completa de nuestro programa de futbol varonil. Con eso y la investigaci\u00f3n en curso, <strong>la Federaci\u00f3n anunciar\u00e1 qui\u00e9n comandar\u00e1 a la Selecci\u00f3n en el campamento que realizar\u00e1 la Selecci\u00f3n en los pr\u00f3ximos d\u00edas&#8221;<\/strong>.<\/p>\n<p><strong>El propio Berhalter cont\u00f3 en sus redes sociales el incidente con su mujer, cuando ten\u00eda 18 a\u00f1os, en un comunicado que firm\u00f3 en conjunto con su esposa<\/strong>.<\/p>\n<blockquote><p>&#8220;Estuvimos saliendo por 4 meses cuando ocurri\u00f3 un incidente entre nosotros que le dar\u00eda forma al futuro de nuestra relaci\u00f3n. Una noche, estando bebiendo en un bar local, Rosalind y yo tuvimos una discusi\u00f3n que continu\u00f3 afuera. Se volvi\u00f3 una cuesti\u00f3n f\u00edsica y la pate\u00e9 en las piernas&#8221;, cont\u00f3 el ex DT de Estados Unidos.<\/p><\/blockquote>\n<p>&#8220;No hay excusas para mis acciones esa noche. Fue un momento vergonzoso y uno del que me arrepiento hasta el d\u00eda de hoy. Inmediatamente le ofrec\u00ed disculpas pero evidentemente Rosalind no quer\u00eda nada conmigo&#8221;.<\/p>\n<p>Berhalter cuenta que tras 7 meses separados, se reunieron y volvieron, logrando una relaci\u00f3n que recientemente cumpli\u00f3 25 a\u00f1os de matrimonio.<\/p>\n<p>&#8220;Esta es nuestra historia. Hemos cooperado totalmente con la Federaci\u00f3n de Futbol de Estados Unidos sobre este tema y queremos aprovechar la oportunidad para compartir lo que nos form\u00f3 y cu\u00e1nto hemos cre\u00eddo y aprendido de esto en los \u00faltimos 31 a\u00f1os&#8221;, agreg\u00f3.<\/p>\n","protected":false},"excerpt":{"rendered":"<p>Estados Unidos se qued\u00f3 sin t\u00e9cnico luego que la Federaci\u00f3n de Futbol anunci\u00f3 que Gregg<\/p>\n","protected":false},"author":2,"featured_media":1549,"comment_status":"open","ping_status":"open","sticky":false,"template":"","format":"standard","meta":{"footnotes":""},"categories":[11],"tags":[578,579,580],"class_list":["post-1548","post","type-post","status-publish","format-standard","has-post-thumbnail","hentry","category-deportes","tag-estados-unidos-se-queda-sin-director-tecnico","tag-federacion-de-futbol","tag-gregg-berhalter"],"jetpack_featured_media_url":"http:\/\/lared.news\/wp-content\/uploads\/2023\/01\/Gregg-Berhalter.jpg","_links":{"self":[{"href":"http:\/\/lared.news\/index.php\/wp-json\/wp\/v2\/posts\/1548","targetHints":{"allow":["GET"]}}],"collection":[{"href":"http:\/\/lared.news\/index.php\/wp-json\/wp\/v2\/posts"}],"about":[{"href":"http:\/\/lared.news\/index.php\/wp-json\/wp\/v2\/types\/post"}],"author":[{"embeddable":true,"href":"http:\/\/lared.news\/index.php\/wp-json\/wp\/v2\/users\/2"}],"replies":[{"embeddable":true,"href":"http:\/\/lared.news\/index.php\/wp-json\/wp\/v2\/comments?post=1548"}],"version-history":[{"count":1,"href":"http:\/\/lared.news\/index.php\/wp-json\/wp\/v2\/posts\/1548\/revisions"}],"predecessor-version":[{"id":1550,"href":"http:\/\/lared.news\/index.php\/wp-json\/wp\/v2\/posts\/1548\/revisions\/1550"}],"wp:featuredmedia":[{"embeddable":true,"href":"http:\/\/lared.news\/index.php\/wp-json\/wp\/v2\/media\/1549"}],"wp:attachment":[{"href":"http:\/\/lared.news\/index.php\/wp-json\/wp\/v2\/media?parent=1548"}],"wp:term":[{"taxonomy":"category","embeddable":true,"href":"http:\/\/lared.news\/index.php\/wp-json\/wp\/v2\/categories?post=1548"},{"taxonomy":"post_tag","embeddable":true,"href":"http:\/\/lared.news\/index.php\/wp-json\/wp\/v2\/tags?post=1548"}],"curies":[{"name":"wp","href":"https:\/\/api.w.org\/{rel}","templated":true}]}}