{"id":1601,"date":"2023-01-18T16:44:33","date_gmt":"2023-01-18T22:44:33","guid":{"rendered":"http:\/\/lared.news\/?p=1601"},"modified":"2023-01-18T16:44:33","modified_gmt":"2023-01-18T22:44:33","slug":"se-entregan-mas-de-38-mil-uniformes-26-mil-zapatos-escolares-para-alumnos-de-nivel-primaria-y-secundaria-del-municipio-de-atlixco","status":"publish","type":"post","link":"http:\/\/lared.news\/index.php\/2023\/01\/18\/se-entregan-mas-de-38-mil-uniformes-26-mil-zapatos-escolares-para-alumnos-de-nivel-primaria-y-secundaria-del-municipio-de-atlixco\/","title":{"rendered":"Se entregan m\u00e1s de 38 mil uniformes, 26 mil zapatos escolares para alumnos de nivel primaria y secundaria del municipio de Atlixco"},"content":{"rendered":"<p>Atlixco, Puebla.- Con el objetivo de abonar a una mejor educaci\u00f3n, el Ayuntamiento de Atlixco, presidido por Ariadna Ayala en coordinaci\u00f3n con el Gobierno del Estado, suman esfuerzos <strong>al inaugurar cuatro aulas en el bachillerato general L\u00e1zaro C\u00e1rdenas, de la colonia El Le\u00f3n, <\/strong>adem\u00e1s de entregar m\u00e1s de 38 mil uniformes, as\u00ed como cerca de 26 mil zapatos escolares para alumnos de nivel primaria y secundaria del municipio.<\/p>\n<p>En gira de trabajo, la edil atlixquense, acompa\u00f1ada de Jos\u00e9 Luis Sorcia Ram\u00edrez, encargado de despacho de la Secretar\u00eda de Educaci\u00f3n\u00a0 y Oscar Guerrero Gonz\u00e1lez titular de la CORDE 16 acudieron\u00a0 al Bachillerato Oficial L\u00e1zaro C\u00e1rdenas para inaugurar la construcci\u00f3n de 4 aulas, mismas que fueron gestionadas por la comuna y directivos de la instituci\u00f3n\u00a0 ante el Comit\u00e9 Administrador Poblano para la Construcci\u00f3n de Espacios Educativos (CAPCEE), y que\u00a0 permite mejorar la infraestructura de esta instituci\u00f3n para el aprovechamiento acad\u00e9mico de m\u00e1s de 300 alumnos.<\/p>\n<p>M\u00e1s tarde, las autoridades realizaron la <strong>entrega simb\u00f3lica de 38 mil 282 uniformes y 25 mil 931 zapatos escolares para alumnos de nivel primaria y secundaria del municipio<\/strong>, ah\u00ed la mun\u00edcipe refiri\u00f3 que estas acciones brindan las herramientas adecuadas a ni\u00f1as, ni\u00f1os y j\u00f3venes para continuar con sus estudios, adem\u00e1s de brindarles identidad.<\/p>\n<p>Por \u00faltimo, Ariadna Ayala, destac\u00f3 <strong>una inversi\u00f3n superior a los 22 millones de pesos para infraestructura educativa<\/strong>, adem\u00e1s de que, en su administraci\u00f3n se han otorgado diversos apoyos que permiten el desarrollo acad\u00e9mico y pedag\u00f3gico de la comunidad estudiantil; \u201cno puede haber mejor inversi\u00f3n para una administraci\u00f3n municipal, que la educaci\u00f3n, gracias a la contribuci\u00f3n de las y los atlixquenses\u201d, acot\u00f3.<\/p>\n","protected":false},"excerpt":{"rendered":"<p>Atlixco, Puebla.- Con el objetivo de abonar a una mejor educaci\u00f3n, el Ayuntamiento de Atlixco,<\/p>\n","protected":false},"author":2,"featured_media":1602,"comment_status":"open","ping_status":"open","sticky":false,"template":"","format":"standard","meta":{"footnotes":""},"categories":[5],"tags":[222,223,619,224,620],"class_list":["post-1601","post","type-post","status-publish","format-standard","has-post-thumbnail","hentry","category-atlixco","tag-atlixco","tag-atlixco-noticias","tag-bachillerato-general-lazaro-cardenas","tag-noticias-de-atlixco","tag-oscar-guerrero-gonzalez-titular-de-la-corde-16"],"jetpack_featured_media_url":"http:\/\/lared.news\/wp-content\/uploads\/2023\/01\/uniformes.jpg","_links":{"self":[{"href":"http:\/\/lared.news\/index.php\/wp-json\/wp\/v2\/posts\/1601","targetHints":{"allow":["GET"]}}],"collection":[{"href":"http:\/\/lared.news\/index.php\/wp-json\/wp\/v2\/posts"}],"about":[{"href":"http:\/\/lared.news\/index.php\/wp-json\/wp\/v2\/types\/post"}],"author":[{"embeddable":true,"href":"http:\/\/lared.news\/index.php\/wp-json\/wp\/v2\/users\/2"}],"replies":[{"embeddable":true,"href":"http:\/\/lared.news\/index.php\/wp-json\/wp\/v2\/comments?post=1601"}],"version-history":[{"count":1,"href":"http:\/\/lared.news\/index.php\/wp-json\/wp\/v2\/posts\/1601\/revisions"}],"predecessor-version":[{"id":1603,"href":"http:\/\/lared.news\/index.php\/wp-json\/wp\/v2\/posts\/1601\/revisions\/1603"}],"wp:featuredmedia":[{"embeddable":true,"href":"http:\/\/lared.news\/index.php\/wp-json\/wp\/v2\/media\/1602"}],"wp:attachment":[{"href":"http:\/\/lared.news\/index.php\/wp-json\/wp\/v2\/media?parent=1601"}],"wp:term":[{"taxonomy":"category","embeddable":true,"href":"http:\/\/lared.news\/index.php\/wp-json\/wp\/v2\/categories?post=1601"},{"taxonomy":"post_tag","embeddable":true,"href":"http:\/\/lared.news\/index.php\/wp-json\/wp\/v2\/tags?post=1601"}],"curies":[{"name":"wp","href":"https:\/\/api.w.org\/{rel}","templated":true}]}}