{"id":1622,"date":"2023-01-19T16:22:00","date_gmt":"2023-01-19T22:22:00","guid":{"rendered":"http:\/\/lared.news\/?p=1622"},"modified":"2023-01-19T16:22:00","modified_gmt":"2023-01-19T22:22:00","slug":"mexico-fue-castigado-con-perder-partidos-amistosos-y-una-multa-por-alineacion-indebida","status":"publish","type":"post","link":"http:\/\/lared.news\/index.php\/2023\/01\/19\/mexico-fue-castigado-con-perder-partidos-amistosos-y-una-multa-por-alineacion-indebida\/","title":{"rendered":"M\u00e9xico fue castigado con perder partidos amistosos y una multa por alineaci\u00f3n indebida"},"content":{"rendered":"<p><strong>M\u00e9xico fue castigado con perder partidos amistosos y una multa de 10 mil francos suizos por alineaci\u00f3n indebida de Alejandro Zendejas<\/strong>, as\u00ed lo dio a conocer la FIFA.<\/p>\n<p style=\"padding-left: 40px;\"><strong>&#8220;La FIFA puede confirmar que impuso una multa de CHF 10.000 a la Federaci\u00f3n Mexicana de Futbol por infracciones del art\u00edculo 5 del Reglamento de Aplicaci\u00f3n (RGAS) de los Estatutos de la FIFA tras la convocatoria del jugador Alejandro Zendejas&#8221;<\/strong>, indic\u00f3 el organismo.<\/p>\n<p>Los partidos en los que jug\u00f3 Alejandro Zendejas con M\u00e9xico fueron declarados como derrotas por 3-0. Dos con la Selecci\u00f3n Mayor y tres con la Sub 23:<\/p>\n<p style=\"padding-left: 40px;\">5 de junio de 2021 \/ vs. Rumania en la Sub 23.<\/p>\n<p style=\"padding-left: 40px;\">8 de junio de 2021 \/ vs. Arabia Saudita en la Sub 23.<\/p>\n<p style=\"padding-left: 40px;\">12 de junio de 2021 \/ vs. Australia en la Sub 23.<\/p>\n<p style=\"padding-left: 40px;\">28 de octubre de 2021 \/ vs. Ecuador. Ingres\u00f3 al minuto 66.<\/p>\n<p style=\"padding-left: 40px;\">22 de abril de 2022 \/ vs. Guatemala. Jug\u00f3 de titular y sali\u00f3 de cambio al 72\u2019.<\/p>\n<p>Alejandro Zendejas todav\u00eda es elegible para jugar con la selecci\u00f3n de Estados Unidos en sus respectivas categor\u00edas.<\/p>\n<p>El d\u00eda de ayer, <strong>la selecci\u00f3n de EU dio a conocer su convocatoria para los amistosos ante Serbia y Colombia, donde incluy\u00f3 a Alejandro Zendejas<\/strong>.<\/p>\n<p><strong>Alejandro Zendejas cuenta con las nacionalidades mexicana y estadunidense<\/strong>. En el ciclo de Gerardo Martino, el t\u00e9cnico indic\u00f3 que el jugador del Am\u00e9rica se hab\u00eda negado una carta para cambio de federaci\u00f3n.<\/p>\n","protected":false},"excerpt":{"rendered":"<p>M\u00e9xico fue castigado con perder partidos amistosos y una multa de 10 mil francos suizos<\/p>\n","protected":false},"author":2,"featured_media":1623,"comment_status":"open","ping_status":"open","sticky":false,"template":"","format":"standard","meta":{"footnotes":""},"categories":[11],"tags":[635,636,346,637],"class_list":["post-1622","post","type-post","status-publish","format-standard","has-post-thumbnail","hentry","category-deportes","tag-alejandro-zendejas","tag-federacion-mexicana-de-futbol","tag-fifa","tag-seleccion-de-eu"],"jetpack_featured_media_url":"http:\/\/lared.news\/wp-content\/uploads\/2023\/01\/Alejandro-Zendejas.jpg","_links":{"self":[{"href":"http:\/\/lared.news\/index.php\/wp-json\/wp\/v2\/posts\/1622","targetHints":{"allow":["GET"]}}],"collection":[{"href":"http:\/\/lared.news\/index.php\/wp-json\/wp\/v2\/posts"}],"about":[{"href":"http:\/\/lared.news\/index.php\/wp-json\/wp\/v2\/types\/post"}],"author":[{"embeddable":true,"href":"http:\/\/lared.news\/index.php\/wp-json\/wp\/v2\/users\/2"}],"replies":[{"embeddable":true,"href":"http:\/\/lared.news\/index.php\/wp-json\/wp\/v2\/comments?post=1622"}],"version-history":[{"count":1,"href":"http:\/\/lared.news\/index.php\/wp-json\/wp\/v2\/posts\/1622\/revisions"}],"predecessor-version":[{"id":1624,"href":"http:\/\/lared.news\/index.php\/wp-json\/wp\/v2\/posts\/1622\/revisions\/1624"}],"wp:featuredmedia":[{"embeddable":true,"href":"http:\/\/lared.news\/index.php\/wp-json\/wp\/v2\/media\/1623"}],"wp:attachment":[{"href":"http:\/\/lared.news\/index.php\/wp-json\/wp\/v2\/media?parent=1622"}],"wp:term":[{"taxonomy":"category","embeddable":true,"href":"http:\/\/lared.news\/index.php\/wp-json\/wp\/v2\/categories?post=1622"},{"taxonomy":"post_tag","embeddable":true,"href":"http:\/\/lared.news\/index.php\/wp-json\/wp\/v2\/tags?post=1622"}],"curies":[{"name":"wp","href":"https:\/\/api.w.org\/{rel}","templated":true}]}}