{"id":1632,"date":"2023-01-23T15:54:19","date_gmt":"2023-01-23T21:54:19","guid":{"rendered":"http:\/\/lared.news\/?p=1632"},"modified":"2023-01-23T15:54:19","modified_gmt":"2023-01-23T21:54:19","slug":"etica","status":"publish","type":"post","link":"http:\/\/lared.news\/index.php\/2023\/01\/23\/etica\/","title":{"rendered":"\u00c9tica"},"content":{"rendered":"<p>La violencia contra las mujeres es un problema p\u00fablico.<\/p>\n<p>No pasa un d\u00eda en el que no conozcamos sobre alguna violencia de cualquier tipo y modalidad que se ejerce en nuestra contra.<\/p>\n<p>Igualmente, no pasa un d\u00eda en el que nos enteremos de alg\u00fan acto de corrupci\u00f3n e impunidad.<\/p>\n<p>Es frecuente tambi\u00e9n conocer que una mujer solicita atenci\u00f3n en alguna instituci\u00f3n p\u00fablica de salud por lesiones recibidas.<\/p>\n<p>Qu\u00e9 decir sobre las noticias cotidianas que documentan la desaparici\u00f3n de mujeres.<\/p>\n<p>Los datos oficiales incluso registran n\u00fameros preocupantes en el estado de Puebla, ah\u00ed los resultados de la Encuesta Nacional sobre la Din\u00e1mica de las Relaciones en los Hogares que <strong>refleja para Puebla un 43.5% de mujeres violentadas en esas relaciones (ENDIREH, 2021)<\/strong>.<\/p>\n<p>Intensos debates, manifestaciones de repudio, cansancio. El tiempo transcurre tan r\u00e1pido como el incremento de tipos y modalidades de violencia y el n\u00famero de mujeres violentadas y las mujeres se preguntan \u00bfpara qu\u00e9 denunciar?<\/p>\n<p>Por ello creo importante el giro que en materia de atenci\u00f3n ha dado el titular del Poder Ejecutivo Estatal.<\/p>\n<p>Retomar nuevamente ese mecanismo de coordinaci\u00f3n denominado Sistema Estatal para Prevenir, Atender, Sancionar y Erradicar la Violencia contra las Mujeres en el que participan instituciones del sector p\u00fablico estatal, municipales y organismos de la sociedad civil, que analiza y eval\u00faa los instrumentos, pol\u00edticas, servicios y acciones que \u201csupuestamente\u201d todas realizan que por diversas razones se hab\u00eda venido posponiendo, significa el haber reconocido la urgencia de la prevenci\u00f3n y de la atenci\u00f3n a este flagelo en todos los niveles de gobierno.<\/p>\n<p>Requerir tambi\u00e9n a presidentas y presidentes municipales asumir su responsabilidad en materia de seguridad, es convocar a quienes justamente son los primeros respondientes cuando se presentan casos de violencia contra mujeres.<\/p>\n<p>Esto habla de un cambio de estrategia. De reconocer que las violencias se deben enfrentar de manera desigual en esa diversidad de municipios que conforma nuestra entidad que demanda no s\u00f3lo de acciones diferenciadas, de programas sociales temporales y focalizados, de desarrollar modelos que incidan en todas las materias; sino tambi\u00e9n, de un programa s\u00f3lido de prevenci\u00f3n que permita detectar las causas que provocan la comisi\u00f3n de delitos, para una atenci\u00f3n integral y para generar seguridad.<\/p>\n<p>Muchas y muchos pueden pensar que es una \u201cpuesta en escena\u201d m\u00e1s, o que s\u00f3lo es ret\u00f3rica, tal vez, sin embargo, debemos partir de que el actual ejecutivo est\u00e1 construyendo una nueva etapa en el ejercicio de gobernar, con ello construye tambi\u00e9n su legado, de manera que una huella inolvidable en la historia de Puebla podr\u00eda ser erradicar esa incapacidad estructural y hacer cambios radicales en algunas pol\u00edticas gubernamentales que manden mensajes de justicia hacia las mujeres que han sufrido violencia.<\/p>\n<p>En los \u00faltimos d\u00edas hemos escuchado repetidamente la palabra <strong>\u00e9tica, &#8211;<\/strong>para referir el vergonzoso episodio que envuelve el probado plagio de la tesis de la ministra de la Corte- <strong>si tan s\u00f3lo todas las personas<\/strong> que tienen una responsabilidad gubernamental en la prevenci\u00f3n, atenci\u00f3n y sanci\u00f3n de las violencias contra las mujeres <strong>aplicaran la \u00e9tica, prevalecer\u00eda la legalidad, la verdad y la justicia.<\/strong><\/p>\n","protected":false},"excerpt":{"rendered":"<p>La violencia contra las mujeres es un problema p\u00fablico. No pasa un d\u00eda en el<\/p>\n","protected":false},"author":2,"featured_media":1587,"comment_status":"open","ping_status":"open","sticky":false,"template":"","format":"standard","meta":{"footnotes":""},"categories":[15],"tags":[645,616],"class_list":["post-1632","post","type-post","status-publish","format-standard","has-post-thumbnail","hentry","category-colaboraciones","tag-etica","tag-rocio-garcia-olmedo"],"jetpack_featured_media_url":"http:\/\/lared.news\/wp-content\/uploads\/2023\/01\/Rocio-Garcia-Olmedo.jpg","_links":{"self":[{"href":"http:\/\/lared.news\/index.php\/wp-json\/wp\/v2\/posts\/1632","targetHints":{"allow":["GET"]}}],"collection":[{"href":"http:\/\/lared.news\/index.php\/wp-json\/wp\/v2\/posts"}],"about":[{"href":"http:\/\/lared.news\/index.php\/wp-json\/wp\/v2\/types\/post"}],"author":[{"embeddable":true,"href":"http:\/\/lared.news\/index.php\/wp-json\/wp\/v2\/users\/2"}],"replies":[{"embeddable":true,"href":"http:\/\/lared.news\/index.php\/wp-json\/wp\/v2\/comments?post=1632"}],"version-history":[{"count":1,"href":"http:\/\/lared.news\/index.php\/wp-json\/wp\/v2\/posts\/1632\/revisions"}],"predecessor-version":[{"id":1633,"href":"http:\/\/lared.news\/index.php\/wp-json\/wp\/v2\/posts\/1632\/revisions\/1633"}],"wp:featuredmedia":[{"embeddable":true,"href":"http:\/\/lared.news\/index.php\/wp-json\/wp\/v2\/media\/1587"}],"wp:attachment":[{"href":"http:\/\/lared.news\/index.php\/wp-json\/wp\/v2\/media?parent=1632"}],"wp:term":[{"taxonomy":"category","embeddable":true,"href":"http:\/\/lared.news\/index.php\/wp-json\/wp\/v2\/categories?post=1632"},{"taxonomy":"post_tag","embeddable":true,"href":"http:\/\/lared.news\/index.php\/wp-json\/wp\/v2\/tags?post=1632"}],"curies":[{"name":"wp","href":"https:\/\/api.w.org\/{rel}","templated":true}]}}