{"id":1641,"date":"2023-01-24T15:49:55","date_gmt":"2023-01-24T21:49:55","guid":{"rendered":"http:\/\/lared.news\/?p=1641"},"modified":"2023-01-24T15:49:55","modified_gmt":"2023-01-24T21:49:55","slug":"por-primera-vez-mostraron-la-tarjeta-blanca-en-un-partido-de-futbol","status":"publish","type":"post","link":"http:\/\/lared.news\/index.php\/2023\/01\/24\/por-primera-vez-mostraron-la-tarjeta-blanca-en-un-partido-de-futbol\/","title":{"rendered":"Por primera vez mostraron la tarjeta blanca en un partido de f\u00fatbol"},"content":{"rendered":"<p>Por primera vez se mostr\u00f3 en un partido profesional de f\u00fatbol la tarjeta blanca, <strong>un hecho sin antecedentes en la historia de este deporte<\/strong>. La cartulina fue exhibida durante un enfrentamiento entre el Benfica y el club Sporting de Lisboa por la Copa Femenina de Portugal y, <strong>a diferencia de la amarilla y la roja, reconoce el \u201cvalor \u00e9tico\u201d en la competencia<\/strong>.<\/p>\n<p>En este caso, la refer\u00ed Catarina Campos mostr\u00f3, en el Estadio da Luz en Lisboa, <strong>la tarjeta blanca para reconocer la tarea del personal m\u00e9dico de los dos clubes que se acercaron a ayudar a un hincha que se hab\u00eda desmayado en las tribunas<\/strong>. Las dos hinchadas vitorearon y celebraron la decisi\u00f3n. Todo ocurri\u00f3 al cierre del primer tiempo cuando el Benfica ganaba 3 a 0.<\/p>\n<p><strong>El uso de la tarjeta blanca forma parte de una campa\u00f1a nacional en Portugal<\/strong>. <strong>Se enmarca en una iniciativa del Plan Nacional de \u00c9tica en el Deporte para fomentar el juego limpio<\/strong>, seg\u00fan cit\u00f3 Sky News. La Federaci\u00f3n Portuguesa de F\u00fatbol la adopt\u00f3 abiertamente, y hasta ahora es la \u00fanica en implementarla.<\/p>\n<p>Las tarjetas blancas contrastan definitivamente con las amarillas y rojas que se utilizan para disciplinar a los jugadores por mala conducta.<\/p>\n<p>La medida busca que todos los agentes deportivos, desde jugadores y entrenadores hasta directivos y espectadores, act\u00faen de \u201cmanera \u201c\u00e9ticamente correcta\u201d, seg\u00fan detall\u00f3 el Instituto de Juventud y Deporte de Portugal.<\/p>\n<p>La introducci\u00f3n de su uso en Portugal tiene lugar despu\u00e9s que la Federaci\u00f3n Internacional de F\u00fatbol (FIFA) a\u00f1adiera modificaciones en el \u00faltimo tiempo. La autoridad del f\u00fatbol sum\u00f3, por caso, tiempo descuento al final de cada mitad por \u201ctiempo perdido no natural\u201d durante la Copa del Mundo de Qatar.<\/p>\n<p>A la vez, la FIFA a\u00f1adi\u00f3 paradas por p\u00e9rdida de tiempo de los jugadores, tratamiento por lesiones, largas celebraciones de gol, sustituciones, intervenciones del VAR y tarjetas amarillas o rojas.<\/p>\n<p>No obstante, la entidad de f\u00fatbol internacional no dispuso una obligaci\u00f3n respecto del uso de la tarjeta blanca. Y <strong>es poco probable que se vea en otras ligas en el corto plazo, como la Premier League<\/strong>, seg\u00fan consign\u00f3 el Daily Mail.<\/p>\n<p>&nbsp;<\/p>\n<p style=\"padding-left: 40px;\"><strong>La propuesta previa de Platini<\/strong><\/p>\n<p><strong>El expresidente de la UEFA, Michel Platini, promovi\u00f3 en 2014 su propuesta de crear una \u201ctarjeta blanca\u201d<\/strong> que, seg\u00fan se\u00f1al\u00f3 entonces, <strong>implicar\u00eda una expulsi\u00f3n temporal durante los partidos de f\u00fatbol y ayudar\u00eda a reducir el uso de las tarjetas amarillas<\/strong>.<\/p>\n<p>\u201cLa tarjeta blanca reducir\u00eda la tensi\u00f3n que provoca el uso de las cartulinas amarillas y rojas durante los partidos\u201d, hab\u00eda afirmado en aquel entonces durante la apertura de la novena edici\u00f3n de la Dubai International Sports Conference.<\/p>\n<p><strong>El \u00e1rbitro sancionar\u00eda a un jugador con una tarjeta blanca como primer aviso y dejar la tarjeta amarilla para una segunda advertencia<\/strong>, explic\u00f3 el directivo franc\u00e9s. Seg\u00fan su propuesta, <strong>la tarjeta blanca \u201csupondr\u00eda una expulsi\u00f3n temporal de diez minutos en el banquillo\u201d<\/strong>.<\/p>\n<p>Fuente: LA NACION<\/p>\n","protected":false},"excerpt":{"rendered":"<p>Por primera vez se mostr\u00f3 en un partido profesional de f\u00fatbol la tarjeta blanca, un<\/p>\n","protected":false},"author":2,"featured_media":1642,"comment_status":"open","ping_status":"open","sticky":false,"template":"","format":"standard","meta":{"footnotes":""},"categories":[11],"tags":[655,656,653,657,654],"class_list":["post-1641","post","type-post","status-publish","format-standard","has-post-thumbnail","hentry","category-deportes","tag-copa-femenina-de-portugal","tag-expresidente-de-la-uefa-michel-platini","tag-la-tarjeta-blanca-en-un-partido-de-futbol","tag-premier-league","tag-tarjeta-blanca"],"jetpack_featured_media_url":"http:\/\/lared.news\/wp-content\/uploads\/2023\/01\/la-tarjeta-blanca-en-un-partido-de-futbol.jpg","_links":{"self":[{"href":"http:\/\/lared.news\/index.php\/wp-json\/wp\/v2\/posts\/1641","targetHints":{"allow":["GET"]}}],"collection":[{"href":"http:\/\/lared.news\/index.php\/wp-json\/wp\/v2\/posts"}],"about":[{"href":"http:\/\/lared.news\/index.php\/wp-json\/wp\/v2\/types\/post"}],"author":[{"embeddable":true,"href":"http:\/\/lared.news\/index.php\/wp-json\/wp\/v2\/users\/2"}],"replies":[{"embeddable":true,"href":"http:\/\/lared.news\/index.php\/wp-json\/wp\/v2\/comments?post=1641"}],"version-history":[{"count":1,"href":"http:\/\/lared.news\/index.php\/wp-json\/wp\/v2\/posts\/1641\/revisions"}],"predecessor-version":[{"id":1643,"href":"http:\/\/lared.news\/index.php\/wp-json\/wp\/v2\/posts\/1641\/revisions\/1643"}],"wp:featuredmedia":[{"embeddable":true,"href":"http:\/\/lared.news\/index.php\/wp-json\/wp\/v2\/media\/1642"}],"wp:attachment":[{"href":"http:\/\/lared.news\/index.php\/wp-json\/wp\/v2\/media?parent=1641"}],"wp:term":[{"taxonomy":"category","embeddable":true,"href":"http:\/\/lared.news\/index.php\/wp-json\/wp\/v2\/categories?post=1641"},{"taxonomy":"post_tag","embeddable":true,"href":"http:\/\/lared.news\/index.php\/wp-json\/wp\/v2\/tags?post=1641"}],"curies":[{"name":"wp","href":"https:\/\/api.w.org\/{rel}","templated":true}]}}