{"id":1644,"date":"2023-01-24T16:36:35","date_gmt":"2023-01-24T22:36:35","guid":{"rendered":"http:\/\/lared.news\/?p=1644"},"modified":"2023-01-24T16:36:35","modified_gmt":"2023-01-24T22:36:35","slug":"ariadna-ayala-inicia-techado-y-rehabilitacion-de-cancha-en-primaria-lazaro-cardenas-y-entrega-material-a-escuelas-de-atlixco","status":"publish","type":"post","link":"http:\/\/lared.news\/index.php\/2023\/01\/24\/ariadna-ayala-inicia-techado-y-rehabilitacion-de-cancha-en-primaria-lazaro-cardenas-y-entrega-material-a-escuelas-de-atlixco\/","title":{"rendered":"Ariadna Ayala inicia techado y rehabilitaci\u00f3n de cancha en primaria l\u00e1zaro c\u00e1rdenas y entrega material a escuelas de Atlixco"},"content":{"rendered":"<p>Atlixco, Puebla.- La presidenta municipal de Atlixco, Ariadna Ayala, inici\u00f3 su agenda de trabajo con el <strong>arranque de construcci\u00f3n del techado de 812.62 m2 y la rehabilitaci\u00f3n de cancha de usos m\u00faltiples en un \u00e1rea de 543.90 m2, en la Escuela Primaria \u201cL\u00e1zaro C\u00e1rdenas\u201d de la Colonia \u00c1lvaro Obreg\u00f3n<\/strong>, en el que se beneficiar\u00e1 a cerca de 900 alumnos.<\/p>\n<p>Posteriormente, en la Unidad deportiva \u201cLa Alfonsina\u201d, la edil atlixquense encabez\u00f3 la <strong>entrega a escuelas del municipio de material que utilizan en sus actividades diarias como: cubetas de pintura, impermeabilizante, kits sanitarios, cepillos brochas, rodillos, lavamanos, inodoros, adem\u00e1s de mingitorios<\/strong>, acci\u00f3n que representar\u00e1 un ahorro, contribuye al cuidado y mantenimiento de espacios dignos para el desarrollo de las actividades de las y los alumnos.<\/p>\n<h3 style=\"padding-left: 40px;\">Las escuelas beneficiadas en esta ocasi\u00f3n fueron los preescolares: \u201cFortino Ayaquica\u201d, \u201cMacuixochitl Atlixco\u201d, \u201cJos\u00e9 Mar\u00eda La Fragua\u201d de San Agust\u00edn Huixaxtla, Preescolar ind\u00edgena \u201cEmiliano Zapata\u201d de la Agr\u00edcola Ocotepec, as\u00ed como en las Escuelas Primarias: \u201cJusto Sierra\u201d de San Juan Ocotepec, \u201cJuan Uvera\u201d de Santa Ana Yancuitlalpan, \u201cBraulio Rodr\u00edguez\u201d de San Agust\u00edn Huixaxtla, \u201cEmiliano Zapata\u201d de San F\u00e9lix Hidalgo y a la Secundaria Doctor Gabino Barreda.<\/h3>\n<p>Es as\u00ed que, estas acciones demuestran el apoyo e impulso a la educaci\u00f3n que la edil, Ariadna Ayala ha establecido como uno de sus ejes importantes para impulsar el desarrollo del capital humano del municipio y que est\u00e1 representado por la ni\u00f1ez y juventud atlixquense.<\/p>\n","protected":false},"excerpt":{"rendered":"<p>Atlixco, Puebla.- La presidenta municipal de Atlixco, Ariadna Ayala, inici\u00f3 su agenda de trabajo con<\/p>\n","protected":false},"author":2,"featured_media":1645,"comment_status":"open","ping_status":"open","sticky":false,"template":"","format":"standard","meta":{"footnotes":""},"categories":[5],"tags":[222,223,224],"class_list":["post-1644","post","type-post","status-publish","format-standard","has-post-thumbnail","hentry","category-atlixco","tag-atlixco","tag-atlixco-noticias","tag-noticias-de-atlixco"],"jetpack_featured_media_url":"http:\/\/lared.news\/wp-content\/uploads\/2023\/01\/Sin-titulo-1-1.jpg","_links":{"self":[{"href":"http:\/\/lared.news\/index.php\/wp-json\/wp\/v2\/posts\/1644","targetHints":{"allow":["GET"]}}],"collection":[{"href":"http:\/\/lared.news\/index.php\/wp-json\/wp\/v2\/posts"}],"about":[{"href":"http:\/\/lared.news\/index.php\/wp-json\/wp\/v2\/types\/post"}],"author":[{"embeddable":true,"href":"http:\/\/lared.news\/index.php\/wp-json\/wp\/v2\/users\/2"}],"replies":[{"embeddable":true,"href":"http:\/\/lared.news\/index.php\/wp-json\/wp\/v2\/comments?post=1644"}],"version-history":[{"count":1,"href":"http:\/\/lared.news\/index.php\/wp-json\/wp\/v2\/posts\/1644\/revisions"}],"predecessor-version":[{"id":1646,"href":"http:\/\/lared.news\/index.php\/wp-json\/wp\/v2\/posts\/1644\/revisions\/1646"}],"wp:featuredmedia":[{"embeddable":true,"href":"http:\/\/lared.news\/index.php\/wp-json\/wp\/v2\/media\/1645"}],"wp:attachment":[{"href":"http:\/\/lared.news\/index.php\/wp-json\/wp\/v2\/media?parent=1644"}],"wp:term":[{"taxonomy":"category","embeddable":true,"href":"http:\/\/lared.news\/index.php\/wp-json\/wp\/v2\/categories?post=1644"},{"taxonomy":"post_tag","embeddable":true,"href":"http:\/\/lared.news\/index.php\/wp-json\/wp\/v2\/tags?post=1644"}],"curies":[{"name":"wp","href":"https:\/\/api.w.org\/{rel}","templated":true}]}}