{"id":1664,"date":"2023-01-25T16:00:24","date_gmt":"2023-01-25T22:00:24","guid":{"rendered":"http:\/\/lared.news\/?p=1664"},"modified":"2023-02-01T14:46:09","modified_gmt":"2023-02-01T20:46:09","slug":"ariadna-ayala-atiende-pavimentacion-de-calle-solicitada-por-anos","status":"publish","type":"post","link":"http:\/\/lared.news\/index.php\/2023\/01\/25\/ariadna-ayala-atiende-pavimentacion-de-calle-solicitada-por-anos\/","title":{"rendered":"Ariadna Ayala atiende pavimentaci\u00f3n de calle solicitada por a\u00f1os"},"content":{"rendered":"<p>-Esta obra es el inicio para mejorar el tr\u00e1nsito de visitantes que acuden a la zona de Cabrera.<\/p>\n<p>Atlixco, Puebla.- Con el compromiso de ser un gobierno sensible y cercano a la gente, la presidenta municipal, Ariadna Ayala, atendi\u00f3 la <strong>pavimentaci\u00f3n de la Avenida Hidalgo de la colonia Solares Grandes<\/strong>, una vialidad que hab\u00eda sido solicitada e ignorada en a\u00f1os anteriores y que permitir\u00e1 mejorar la movilidad, as\u00ed como la calidad de vida de los vecinos.<\/p>\n<p>Luego de que esta calle pasara muchos a\u00f1os en el abandono, la edil atlixquense dio <strong>el banderazo para intervenir 667.35 metros cuadrados de esta vialidad con adoquinamiento<\/strong>; a decir de vecinos, <strong>los trabajos eran necesarios para seguir impulsando el desarrollo de la colonia que se encuentra dentro de la mancha urbana del municipio y que conecta a la zona de Cabrera<\/strong>, pues muchos de los servicios como gas, agua embotellada, taxis, llegar\u00e1n sin contratiempos, adem\u00e1s de que las familias dejar\u00e1n de caminar sobre lodo en tiempo de lluvias y <strong>mejorar\u00e1 el tr\u00e1nsito<\/strong> para visitantes que acuden a esta zona tur\u00edstica.<\/p>\n<p>Por su parte, Ariadna Ayala reafirm\u00f3 que continuar\u00e1 trabajando para que todas las colonias y juntas auxiliares cuenten con obra p\u00fablica, tal y como lo marca la Ley, dando prioridad a aquellas solicitudes que no hab\u00edan sido tomadas en cuenta, \u201cseguiremos haciendo justicia social, para aquellos que no eran escuchados, atendiendo peticiones sin importar el tama\u00f1o de las mismas, sin distinci\u00f3n, porque todos merecemos tener acceso a servicios b\u00e1sicos y fundamentales para vivir en un Atlixco de paz y prosperidad\u201d, subray\u00f3 la mun\u00edcipe.<\/p>\n","protected":false},"excerpt":{"rendered":"<p>-Esta obra es el inicio para mejorar el tr\u00e1nsito de visitantes que acuden a la<\/p>\n","protected":false},"author":2,"featured_media":1665,"comment_status":"open","ping_status":"open","sticky":false,"template":"","format":"standard","meta":{"footnotes":""},"categories":[5],"tags":[222,223,677,676,224],"class_list":["post-1664","post","type-post","status-publish","format-standard","has-post-thumbnail","hentry","category-atlixco","tag-atlixco","tag-atlixco-noticias","tag-colonia-cabrera","tag-colonia-solares-grandes-de-atlixco","tag-noticias-de-atlixco"],"jetpack_featured_media_url":"http:\/\/lared.news\/wp-content\/uploads\/2023\/02\/Cabrera.jpg","_links":{"self":[{"href":"http:\/\/lared.news\/index.php\/wp-json\/wp\/v2\/posts\/1664","targetHints":{"allow":["GET"]}}],"collection":[{"href":"http:\/\/lared.news\/index.php\/wp-json\/wp\/v2\/posts"}],"about":[{"href":"http:\/\/lared.news\/index.php\/wp-json\/wp\/v2\/types\/post"}],"author":[{"embeddable":true,"href":"http:\/\/lared.news\/index.php\/wp-json\/wp\/v2\/users\/2"}],"replies":[{"embeddable":true,"href":"http:\/\/lared.news\/index.php\/wp-json\/wp\/v2\/comments?post=1664"}],"version-history":[{"count":1,"href":"http:\/\/lared.news\/index.php\/wp-json\/wp\/v2\/posts\/1664\/revisions"}],"predecessor-version":[{"id":1666,"href":"http:\/\/lared.news\/index.php\/wp-json\/wp\/v2\/posts\/1664\/revisions\/1666"}],"wp:featuredmedia":[{"embeddable":true,"href":"http:\/\/lared.news\/index.php\/wp-json\/wp\/v2\/media\/1665"}],"wp:attachment":[{"href":"http:\/\/lared.news\/index.php\/wp-json\/wp\/v2\/media?parent=1664"}],"wp:term":[{"taxonomy":"category","embeddable":true,"href":"http:\/\/lared.news\/index.php\/wp-json\/wp\/v2\/categories?post=1664"},{"taxonomy":"post_tag","embeddable":true,"href":"http:\/\/lared.news\/index.php\/wp-json\/wp\/v2\/tags?post=1664"}],"curies":[{"name":"wp","href":"https:\/\/api.w.org\/{rel}","templated":true}]}}