{"id":1667,"date":"2023-01-27T14:47:56","date_gmt":"2023-01-27T20:47:56","guid":{"rendered":"http:\/\/lared.news\/?p=1667"},"modified":"2023-02-01T14:55:25","modified_gmt":"2023-02-01T20:55:25","slug":"ariadna-ayala-amplia-1-2-km-de-alumbrado-en-camino-a-juan-uvera","status":"publish","type":"post","link":"http:\/\/lared.news\/index.php\/2023\/01\/27\/ariadna-ayala-amplia-1-2-km-de-alumbrado-en-camino-a-juan-uvera\/","title":{"rendered":"Ariadna Ayala amplia 1.2 km de alumbrado en camino a Juan Uvera"},"content":{"rendered":"<p>Atlixco, Puebla.- \u201cAdministramos cada peso del pueblo de manera equitativa y transparente para que todas las colonias y juntas auxiliares cuente con obra p\u00fablica, hoy estamos aqu\u00ed inaugurando una electrificaci\u00f3n que brindar\u00e1 seguridad a sus habitantes, as\u00ed como de varias comunidades por el municipio de paz y prosperidad que nos merecemos\u201d, afirm\u00f3 la presidenta al encender esta <strong>iluminaci\u00f3n del camino a Juan Uvera<\/strong>.<\/p>\n<p><strong>La obra, incluy\u00f3 24 luminarias tipo led, 3 transformadores\u00a0 en 1.2 km del camino a San Juan Uvera<\/strong> y el mismo n\u00famero de muretes, as\u00ed como la instalaci\u00f3n de cableado a\u00e9reo, que permite iluminar esta vialidad principal para la colonia Juan Uvera, La Joya y dos m\u00e1s.<\/p>\n<p>Para concluir, vecinos agradecieron a la mun\u00edcipe ser tomados en cuenta, pues subrayaron que llevaban muchos a\u00f1os tras gestionando este proyecto que hoy, permite que ni\u00f1as, ni\u00f1os, j\u00f3venes y\u00a0 familias enteras caminen con mayor seguridad para desarrollar sus actividades, como acudir por las ma\u00f1anas a las escuelas o el regreso de jornaleros.<\/p>\n","protected":false},"excerpt":{"rendered":"<p>Atlixco, Puebla.- \u201cAdministramos cada peso del pueblo de manera equitativa y transparente para que todas<\/p>\n","protected":false},"author":2,"featured_media":1668,"comment_status":"open","ping_status":"open","sticky":false,"template":"","format":"standard","meta":{"footnotes":""},"categories":[5],"tags":[],"class_list":["post-1667","post","type-post","status-publish","format-standard","has-post-thumbnail","hentry","category-atlixco"],"jetpack_featured_media_url":"http:\/\/lared.news\/wp-content\/uploads\/2023\/02\/camino-a-Juan-Uvera.jpg","_links":{"self":[{"href":"http:\/\/lared.news\/index.php\/wp-json\/wp\/v2\/posts\/1667","targetHints":{"allow":["GET"]}}],"collection":[{"href":"http:\/\/lared.news\/index.php\/wp-json\/wp\/v2\/posts"}],"about":[{"href":"http:\/\/lared.news\/index.php\/wp-json\/wp\/v2\/types\/post"}],"author":[{"embeddable":true,"href":"http:\/\/lared.news\/index.php\/wp-json\/wp\/v2\/users\/2"}],"replies":[{"embeddable":true,"href":"http:\/\/lared.news\/index.php\/wp-json\/wp\/v2\/comments?post=1667"}],"version-history":[{"count":1,"href":"http:\/\/lared.news\/index.php\/wp-json\/wp\/v2\/posts\/1667\/revisions"}],"predecessor-version":[{"id":1669,"href":"http:\/\/lared.news\/index.php\/wp-json\/wp\/v2\/posts\/1667\/revisions\/1669"}],"wp:featuredmedia":[{"embeddable":true,"href":"http:\/\/lared.news\/index.php\/wp-json\/wp\/v2\/media\/1668"}],"wp:attachment":[{"href":"http:\/\/lared.news\/index.php\/wp-json\/wp\/v2\/media?parent=1667"}],"wp:term":[{"taxonomy":"category","embeddable":true,"href":"http:\/\/lared.news\/index.php\/wp-json\/wp\/v2\/categories?post=1667"},{"taxonomy":"post_tag","embeddable":true,"href":"http:\/\/lared.news\/index.php\/wp-json\/wp\/v2\/tags?post=1667"}],"curies":[{"name":"wp","href":"https:\/\/api.w.org\/{rel}","templated":true}]}}