{"id":1746,"date":"2023-02-17T13:33:13","date_gmt":"2023-02-17T19:33:13","guid":{"rendered":"http:\/\/lared.news\/?p=1746"},"modified":"2023-02-17T13:33:13","modified_gmt":"2023-02-17T19:33:13","slug":"memo-ochoa-tendria-los-dias-contados-en-salernitana","status":"publish","type":"post","link":"http:\/\/lared.news\/index.php\/2023\/02\/17\/memo-ochoa-tendria-los-dias-contados-en-salernitana\/","title":{"rendered":"Memo Ochoa tendr\u00eda los d\u00edas contados en Salernitana"},"content":{"rendered":"<p>Memo Ochoa tendr\u00eda los d\u00edas contados en Salernitana; <strong>la cl\u00e1usula que pondr\u00eda fin a su paso en Italia La aventura de Guillermo Ochoa por el futbol italiano podr\u00eda llegar a su fin si no empieza a sumar m\u00e1s minutos<\/strong> bajo los tres palos de la porter\u00eda del Salernitana.<\/p>\n<p>De acuerdo con medios italianos, <strong>hay una cl\u00e1usula en el contrato del portero de la Selecci\u00f3n Mexicana que podr\u00eda adelantar su salida de la Serie A<\/strong>. Esto es, porque <strong>Ochoa perdi\u00f3 la titularidad tras el regreso de Luigi Sepe y dicho inciso en su contrato indicar\u00eda que debe jugar cierta cantidad de minutos para que la directiva decida si desea renovarlo o no<\/strong>.<\/p>\n<p>La traves\u00eda del exfutbolista del Am\u00e9rica <strong>comenz\u00f3 el 4 de enero cuando debut\u00f3 nada m\u00e1s y nada menos que contra el Milan<\/strong>. Aunque <strong>perdi\u00f3 2-1<\/strong>, dej\u00f3 buenas sensaciones y la misma prensa italiana lo llen\u00f3 de halagos.<\/p>\n<p>Desde entonces, <strong>disput\u00f3 cinco partidos como titular y en todos recibi\u00f3 goles, destacando la humillante goleada por 8-2 del Atalanta<\/strong>. Sin embargo, <strong>el 13 de febrero le quit\u00f3 el lugar quien era el guardameta habitual del Salernitana, que regres\u00f3 de una lesi\u00f3n<\/strong>.<\/p>\n<p>Cabe destacar que la informaci\u00f3n proviene de medios italianos y todav\u00eda no se conoce el porcentaje exacto de minutos que tendr\u00eda que disputar Ochoa para que esto no suceda.<\/p>\n<p>Actualmente, el Salernitana ocupa el puesto n\u00famero 16 de la Serie A con 21 puntos.<\/p>\n","protected":false},"excerpt":{"rendered":"<p>Memo Ochoa tendr\u00eda los d\u00edas contados en Salernitana; la cl\u00e1usula que pondr\u00eda fin a su<\/p>\n","protected":false},"author":2,"featured_media":1747,"comment_status":"open","ping_status":"open","sticky":false,"template":"","format":"standard","meta":{"footnotes":""},"categories":[11],"tags":[732,730,731,334],"class_list":["post-1746","post","type-post","status-publish","format-standard","has-post-thumbnail","hentry","category-deportes","tag-luigi-sepe","tag-memo-ochoa","tag-salernitana","tag-seleccion-mexicana"],"jetpack_featured_media_url":"http:\/\/lared.news\/wp-content\/uploads\/2023\/02\/Memo-Ochoa.jpg","_links":{"self":[{"href":"http:\/\/lared.news\/index.php\/wp-json\/wp\/v2\/posts\/1746","targetHints":{"allow":["GET"]}}],"collection":[{"href":"http:\/\/lared.news\/index.php\/wp-json\/wp\/v2\/posts"}],"about":[{"href":"http:\/\/lared.news\/index.php\/wp-json\/wp\/v2\/types\/post"}],"author":[{"embeddable":true,"href":"http:\/\/lared.news\/index.php\/wp-json\/wp\/v2\/users\/2"}],"replies":[{"embeddable":true,"href":"http:\/\/lared.news\/index.php\/wp-json\/wp\/v2\/comments?post=1746"}],"version-history":[{"count":1,"href":"http:\/\/lared.news\/index.php\/wp-json\/wp\/v2\/posts\/1746\/revisions"}],"predecessor-version":[{"id":1748,"href":"http:\/\/lared.news\/index.php\/wp-json\/wp\/v2\/posts\/1746\/revisions\/1748"}],"wp:featuredmedia":[{"embeddable":true,"href":"http:\/\/lared.news\/index.php\/wp-json\/wp\/v2\/media\/1747"}],"wp:attachment":[{"href":"http:\/\/lared.news\/index.php\/wp-json\/wp\/v2\/media?parent=1746"}],"wp:term":[{"taxonomy":"category","embeddable":true,"href":"http:\/\/lared.news\/index.php\/wp-json\/wp\/v2\/categories?post=1746"},{"taxonomy":"post_tag","embeddable":true,"href":"http:\/\/lared.news\/index.php\/wp-json\/wp\/v2\/tags?post=1746"}],"curies":[{"name":"wp","href":"https:\/\/api.w.org\/{rel}","templated":true}]}}