{"id":1756,"date":"2023-02-23T14:23:04","date_gmt":"2023-02-23T20:23:04","guid":{"rendered":"http:\/\/lared.news\/?p=1756"},"modified":"2023-02-23T14:23:04","modified_gmt":"2023-02-23T20:23:04","slug":"hacer-visible","status":"publish","type":"post","link":"http:\/\/lared.news\/index.php\/2023\/02\/23\/hacer-visible\/","title":{"rendered":"Hacer visible"},"content":{"rendered":"<p>Recientemente pas\u00f3 la fecha conmemorativa a la Mujer y la Ni\u00f1a en la Ciencia y pocos nombres de mujeres de esta disciplina son recordados, uno de ellos por supuesto es, el de Marie Curie, que recibi\u00f3 en dos ocasiones el Premio Nobel. Las desigualdades existentes provocaban su poca o nula visibilizaci\u00f3n y reconocimiento.<\/p>\n<p>En pol\u00edtica muchas mujeres en M\u00e9xico han sobresalido. Las de anta\u00f1o, como sucede con las mujeres en la ciencia o en otras disciplinas, eran muy poco visibles; sin embargo, en esos movimientos revisionistas, poco a poco ha sido posible ir rescatando sus enormes aportaciones y con ello hacerlas visibles.<\/p>\n<p>Las mujeres de hoy, aun a la vista, impulsando, abanderando, defendiendo causas, cada cual, desde sus trincheras; todav\u00eda en muchas ocasiones hay que hacer visible su trabajo y sus aportaciones.<\/p>\n<p>Por ello es importante resaltar la presencia de mujeres como Beatriz Paredes una mujer pol\u00edtica, que el fin de semana visit\u00f3 a Puebla y a diversos grupos de poblanos y poblanas.<\/p>\n<p>Beatriz Paredes Rangel, se ha distinguido y ha trascendido a la historia pol\u00edtica contempor\u00e1nea de M\u00e9xico y de las mujeres, por su desempe\u00f1o en los diversos cargos de alta importancia que ha ocupado desde muy joven.<\/p>\n<p>Escucharla me llev\u00f3 a pensar que la reconstrucci\u00f3n nacional que tanto se requerir\u00e1 al t\u00e9rmino de este gobierno federal, sin duda pasa por la reconstrucci\u00f3n de los partidos pol\u00edticos en los que a\u00fan se requiere hacer visibles desempe\u00f1os de mujeres.<\/p>\n<p>Bas\u00e1ndome en el compromiso de que habr\u00e1 una coalici\u00f3n entre los partidos PRI, PAN y PRD para la elecci\u00f3n del 2024, no s\u00e9 qu\u00e9 procedimiento seguir\u00e1n para determinar primero al interior del PRI, a la persona que contender\u00e1 con quienes resulten del procedimiento que tambi\u00e9n tendr\u00e1n a su interior el PAN y el PRD. Tampoco sabemos a\u00fan el procedimiento que se acordar\u00e1 para determinar en ese mismo supuesto a quien sea la candidata o candidato que abanderar\u00e1 a esta coalici\u00f3n.<\/p>\n<p>Lo que s\u00ed s\u00e9 es que el nivel de destrucci\u00f3n de instituciones, violaciones a nuestra normativa, retrocesos a derechos adquiridos, obliga a todos los partidos pol\u00edticos, pero especialmente a los que actualmente conforman la coalici\u00f3n opositora, a pensar en cuadros experimentados, perfiles con conocimiento, figuras p\u00fablicas con cualidades pol\u00edticas de reconciliaci\u00f3n, que dialoguen, que sepan construir acuerdos y que cumplan compromisos,\u00a0\u00a0 para ser postulados para la presidencia de la Rep\u00fablica en la elecci\u00f3n del 2024.<\/p>\n<p>Beatriz Paredes es una de ellas, en una de las varias reuniones a las que asisti\u00f3, hizo un an\u00e1lisis revisionista de la pol\u00edtica poblana. Desde un marco hist\u00f3rico, con un amplio conocimiento, fue describiendo con enorme claridad, las causas de la crisis actual al interior del PRI aun no superada. Enriquecedor y aleccionador an\u00e1lisis para continuar entendiendo la pol\u00edtica barroca poblana.<\/p>\n<p>No me cabe duda que ella como otras brillantes mujeres, es uno de esos pilares que sostiene en estos momentos de crisis a mi partido pol\u00edtico.<\/p>\n<p>As\u00ed como sucedi\u00f3 en ese evento, tan solo escucharla en los restantes convocados durante dos d\u00edas con diferentes actores sociales y pol\u00edticos, dieron cuenta de su expertise.<\/p>\n<p>Con mujeres, con j\u00f3venes, con empresarios o con liderazgos partidistas, sus an\u00e1lisis y posturas claras basadas en el respeto a la Constituci\u00f3n y a las Instituciones, fueron reflejando esa visi\u00f3n amplia, los c\u00f3mo enfrentar la problem\u00e1tica creciente en materia del campo, en la econom\u00eda, en la seguridad, en la educaci\u00f3n, en el deporte, la cultura y la ciencia.<\/p>\n<p>Por eso hay que hacer visible que, habi\u00e9ndose puesto los cimientos para alcanzar la igualdad, ese Estado Humanista que hoy se proclama es y puede seguir siendo construido por mujeres como Beatriz Paredes Rangel.<\/p>\n","protected":false},"excerpt":{"rendered":"<p>Recientemente pas\u00f3 la fecha conmemorativa a la Mujer y la Ni\u00f1a en la Ciencia y<\/p>\n","protected":false},"author":2,"featured_media":1587,"comment_status":"open","ping_status":"open","sticky":false,"template":"","format":"standard","meta":{"footnotes":""},"categories":[15],"tags":[739,738,270,616],"class_list":["post-1756","post","type-post","status-publish","format-standard","has-post-thumbnail","hentry","category-colaboraciones","tag-beatriz-paredes","tag-marie-curie","tag-mexico","tag-rocio-garcia-olmedo"],"jetpack_featured_media_url":"http:\/\/lared.news\/wp-content\/uploads\/2023\/01\/Rocio-Garcia-Olmedo.jpg","_links":{"self":[{"href":"http:\/\/lared.news\/index.php\/wp-json\/wp\/v2\/posts\/1756","targetHints":{"allow":["GET"]}}],"collection":[{"href":"http:\/\/lared.news\/index.php\/wp-json\/wp\/v2\/posts"}],"about":[{"href":"http:\/\/lared.news\/index.php\/wp-json\/wp\/v2\/types\/post"}],"author":[{"embeddable":true,"href":"http:\/\/lared.news\/index.php\/wp-json\/wp\/v2\/users\/2"}],"replies":[{"embeddable":true,"href":"http:\/\/lared.news\/index.php\/wp-json\/wp\/v2\/comments?post=1756"}],"version-history":[{"count":1,"href":"http:\/\/lared.news\/index.php\/wp-json\/wp\/v2\/posts\/1756\/revisions"}],"predecessor-version":[{"id":1757,"href":"http:\/\/lared.news\/index.php\/wp-json\/wp\/v2\/posts\/1756\/revisions\/1757"}],"wp:featuredmedia":[{"embeddable":true,"href":"http:\/\/lared.news\/index.php\/wp-json\/wp\/v2\/media\/1587"}],"wp:attachment":[{"href":"http:\/\/lared.news\/index.php\/wp-json\/wp\/v2\/media?parent=1756"}],"wp:term":[{"taxonomy":"category","embeddable":true,"href":"http:\/\/lared.news\/index.php\/wp-json\/wp\/v2\/categories?post=1756"},{"taxonomy":"post_tag","embeddable":true,"href":"http:\/\/lared.news\/index.php\/wp-json\/wp\/v2\/tags?post=1756"}],"curies":[{"name":"wp","href":"https:\/\/api.w.org\/{rel}","templated":true}]}}