{"id":1776,"date":"2023-02-27T19:06:41","date_gmt":"2023-02-28T01:06:41","guid":{"rendered":"http:\/\/lared.news\/?p=1776"},"modified":"2023-02-27T19:06:41","modified_gmt":"2023-02-28T01:06:41","slug":"luchas-colectivas","status":"publish","type":"post","link":"http:\/\/lared.news\/index.php\/2023\/02\/27\/luchas-colectivas\/","title":{"rendered":"Luchas colectivas"},"content":{"rendered":"<p>En un pa\u00eds como el M\u00e9xico actual en el que la polarizaci\u00f3n, la confrontaci\u00f3n, la descalificaci\u00f3n permanente impulsada por el presidente L\u00f3pez Obrador contra todo y contra todas y todos, no hab\u00eda otra manera ante esa falta de di\u00e1logo y o\u00eddos sordos; lo que segu\u00eda era la lucha colectiva.<\/p>\n<p style=\"padding-left: 40px;\">As\u00ed, como era de esperarse, en Puebla como en m\u00e1s de cien ciudades de la Rep\u00fablica mexicana y del extranjero, se llev\u00f3 a cabo la segunda concentraci\u00f3n de personas convocada en defensa de la democracia en M\u00e9xico y de la Instituci\u00f3n aut\u00f3noma que la hace efectiva.<\/p>\n<p>Miles de personas presentes, <strong>haciendo un llamado a la Suprema Corte de Justicia de la Naci\u00f3n (SCJN) para declarar inconstitucionales las recientes reformas aprobadas a diversas leyes secundarias en materia electoral<\/strong>, a pesar de las cr\u00edticas, denostaciones y presiones de que est\u00e1n siendo objeto por parte del mism\u00edsimo presidente de la Rep\u00fablica, y hacerlo porque trastocan los derechos de la ciudadan\u00eda, disminuyen los derechos pol\u00edticos conquistados por las mujeres y violan flagrantemente a la Constituci\u00f3n Mexicana.<\/p>\n<p>La causa que ha movilizado esta protesta social ha quedado manifesta.<\/p>\n<p>Queremos elecciones libres.<\/p>\n<p>Queremos que nuestro voto cuente y se respete.<\/p>\n<p>Queremos un pa\u00eds democr\u00e1tico.<\/p>\n<p>Las mujeres, que somos m\u00e1s de la mitad de las personas que estamos siendo violentadas por estas reformas electorales aprobadas; hemos levantado la voz de diferentes maneras porque como ya lo hemos dicho en muchas ocasiones, sabemos <strong>vivir individualmente y luchar colectivamente<\/strong>, esa ha sido parte de la historia del movimiento de mujeres en M\u00e9xico y en el mundo.<\/p>\n<p>Por eso no vamos a permitir el borrado de nuestras conquistas y de nuestros derechos adquiridos y vamos a continuar consolid\u00e1ndolas a pesar de las descalificaciones.<\/p>\n<p><strong>\u00bfSaben por qu\u00e9?<\/strong><\/p>\n<p>Porque nuestro <strong>#VotoCuenta<\/strong>.<\/p>\n","protected":false},"excerpt":{"rendered":"<p>En un pa\u00eds como el M\u00e9xico actual en el que la polarizaci\u00f3n, la confrontaci\u00f3n, la<\/p>\n","protected":false},"author":2,"featured_media":1587,"comment_status":"open","ping_status":"open","sticky":false,"template":"","format":"standard","meta":{"footnotes":""},"categories":[15],"tags":[616,753],"class_list":["post-1776","post","type-post","status-publish","format-standard","has-post-thumbnail","hentry","category-colaboraciones","tag-rocio-garcia-olmedo","tag-suprema-corte-de-justicia-de-la-nacion-scjn"],"jetpack_featured_media_url":"http:\/\/lared.news\/wp-content\/uploads\/2023\/01\/Rocio-Garcia-Olmedo.jpg","_links":{"self":[{"href":"http:\/\/lared.news\/index.php\/wp-json\/wp\/v2\/posts\/1776","targetHints":{"allow":["GET"]}}],"collection":[{"href":"http:\/\/lared.news\/index.php\/wp-json\/wp\/v2\/posts"}],"about":[{"href":"http:\/\/lared.news\/index.php\/wp-json\/wp\/v2\/types\/post"}],"author":[{"embeddable":true,"href":"http:\/\/lared.news\/index.php\/wp-json\/wp\/v2\/users\/2"}],"replies":[{"embeddable":true,"href":"http:\/\/lared.news\/index.php\/wp-json\/wp\/v2\/comments?post=1776"}],"version-history":[{"count":1,"href":"http:\/\/lared.news\/index.php\/wp-json\/wp\/v2\/posts\/1776\/revisions"}],"predecessor-version":[{"id":1777,"href":"http:\/\/lared.news\/index.php\/wp-json\/wp\/v2\/posts\/1776\/revisions\/1777"}],"wp:featuredmedia":[{"embeddable":true,"href":"http:\/\/lared.news\/index.php\/wp-json\/wp\/v2\/media\/1587"}],"wp:attachment":[{"href":"http:\/\/lared.news\/index.php\/wp-json\/wp\/v2\/media?parent=1776"}],"wp:term":[{"taxonomy":"category","embeddable":true,"href":"http:\/\/lared.news\/index.php\/wp-json\/wp\/v2\/categories?post=1776"},{"taxonomy":"post_tag","embeddable":true,"href":"http:\/\/lared.news\/index.php\/wp-json\/wp\/v2\/tags?post=1776"}],"curies":[{"name":"wp","href":"https:\/\/api.w.org\/{rel}","templated":true}]}}