{"id":1778,"date":"2023-02-28T13:47:25","date_gmt":"2023-02-28T19:47:25","guid":{"rendered":"http:\/\/lared.news\/?p=1778"},"modified":"2023-02-28T13:47:25","modified_gmt":"2023-02-28T19:47:25","slug":"estados-unidos-ya-hizo-la-solicitud-formal-al-gobierno-de-mexico-para-su-extradicion-de-ovidio-guzman","status":"publish","type":"post","link":"http:\/\/lared.news\/index.php\/2023\/02\/28\/estados-unidos-ya-hizo-la-solicitud-formal-al-gobierno-de-mexico-para-su-extradicion-de-ovidio-guzman\/","title":{"rendered":"Estados Unidos ya hizo la solicitud formal al gobierno de M\u00e9xico para su extradici\u00f3n de Ovidio Guzm\u00e1n"},"content":{"rendered":"<p>Ovidio Guzm\u00e1n L\u00f3pez, hijo de Joaqu\u00edn El Chapo Guzm\u00e1n, es requerido por las autoridades de Estados Unidos, quienes ya hicieron la solicitud formal al gobierno de M\u00e9xico para su extradici\u00f3n.<\/p>\n<p>Fue <strong>a trav\u00e9s de una carta diplom\u00e1tica que Estados Unidos solicit\u00f3 que el hijo del Chapo Guzm\u00e1n, conocido como El Rat\u00f3n<\/strong>, sea transferido a dicho pa\u00eds donde est\u00e1 acusado de varios delitos, entre ellos la de importaci\u00f3n de metanfetaminas y coca\u00edna en una corte de Washington, para que enfrente un juicio.<\/p>\n<p><strong>El plazo para que Estados Unidos hiciera la solicitud para que El Rat\u00f3n fuera transferido a ese pa\u00eds venc\u00eda este 5 de marzo<\/strong>. <strong>El hijo del Chapo Guzm\u00e1n se encuentra recluido en el penal de m\u00e1xima seguridad del Altiplano, en el Estado de M\u00e9xico<\/strong>, tras su detenci\u00f3n en enero de 2023.<\/p>\n<p>Ovidio Guzm\u00e1n L\u00f3pez fue recapturado la madrugada del 5 de enero por las fuerzas federales tras un operativo en la sindicatura de Jes\u00fas Mar\u00edn, en Culiac\u00e1n, Sinaloa. <strong>Tras su detenci\u00f3n fue extra\u00eddo del lugar a bordo de un helic\u00f3ptero para evitar que el c\u00e1rtel de Sinaloa lo liberara<\/strong>.<\/p>\n<p>Fuente: Excelsior (M\u00e9xico)<\/p>\n","protected":false},"excerpt":{"rendered":"<p>Ovidio Guzm\u00e1n L\u00f3pez, hijo de Joaqu\u00edn El Chapo Guzm\u00e1n, es requerido por las autoridades de<\/p>\n","protected":false},"author":2,"featured_media":1779,"comment_status":"open","ping_status":"open","sticky":false,"template":"","format":"standard","meta":{"footnotes":""},"categories":[7],"tags":[702,754,755,756],"class_list":["post-1778","post","type-post","status-publish","format-standard","has-post-thumbnail","hentry","category-mas-noticias","tag-estados-unidos","tag-extradicion-de-ovidio-guzman","tag-gobierno-de-mexico","tag-ovidio-guzman-lopez"],"jetpack_featured_media_url":"http:\/\/lared.news\/wp-content\/uploads\/2023\/02\/Ovidio-Guzman.jpg","_links":{"self":[{"href":"http:\/\/lared.news\/index.php\/wp-json\/wp\/v2\/posts\/1778","targetHints":{"allow":["GET"]}}],"collection":[{"href":"http:\/\/lared.news\/index.php\/wp-json\/wp\/v2\/posts"}],"about":[{"href":"http:\/\/lared.news\/index.php\/wp-json\/wp\/v2\/types\/post"}],"author":[{"embeddable":true,"href":"http:\/\/lared.news\/index.php\/wp-json\/wp\/v2\/users\/2"}],"replies":[{"embeddable":true,"href":"http:\/\/lared.news\/index.php\/wp-json\/wp\/v2\/comments?post=1778"}],"version-history":[{"count":1,"href":"http:\/\/lared.news\/index.php\/wp-json\/wp\/v2\/posts\/1778\/revisions"}],"predecessor-version":[{"id":1780,"href":"http:\/\/lared.news\/index.php\/wp-json\/wp\/v2\/posts\/1778\/revisions\/1780"}],"wp:featuredmedia":[{"embeddable":true,"href":"http:\/\/lared.news\/index.php\/wp-json\/wp\/v2\/media\/1779"}],"wp:attachment":[{"href":"http:\/\/lared.news\/index.php\/wp-json\/wp\/v2\/media?parent=1778"}],"wp:term":[{"taxonomy":"category","embeddable":true,"href":"http:\/\/lared.news\/index.php\/wp-json\/wp\/v2\/categories?post=1778"},{"taxonomy":"post_tag","embeddable":true,"href":"http:\/\/lared.news\/index.php\/wp-json\/wp\/v2\/tags?post=1778"}],"curies":[{"name":"wp","href":"https:\/\/api.w.org\/{rel}","templated":true}]}}