{"id":1802,"date":"2023-03-07T15:08:42","date_gmt":"2023-03-07T21:08:42","guid":{"rendered":"http:\/\/lared.news\/?p=1802"},"modified":"2023-03-07T15:08:59","modified_gmt":"2023-03-07T21:08:59","slug":"vinculado-a-proceso-a-sujeto-por-agredir-fisicamente-y-provocar-la-muerte-de-su-padre","status":"publish","type":"post","link":"http:\/\/lared.news\/index.php\/2023\/03\/07\/vinculado-a-proceso-a-sujeto-por-agredir-fisicamente-y-provocar-la-muerte-de-su-padre\/","title":{"rendered":"Vinculan a proceso a sujeto por agredir f\u00edsicamente y provocar la muerte de su padre"},"content":{"rendered":"<p>La Fiscal\u00eda General del Estado de Puebla obtuvo la <strong>vinculaci\u00f3n a proceso de Ulises Alfredo N., por su probable responsabilidad en el delito de homicidio en raz\u00f3n de parentesco.<\/strong><\/p>\n<h4 style=\"padding-left: 40px;\">El imputado es se\u00f1alado de haber agredido f\u00edsicamente y provocar la muerte de su padre, el pasado 16 de febrero de 2023, en su vivienda ubicada en la colonia Centro del municipio de Altepexi.<\/h4>\n<p>Ulises Alfredo N., fue detenido por elementos de la Polic\u00eda Municipal que lo pusieron a disposici\u00f3n de la autoridad ministerial.<\/p>\n<p>Una vez presentadas las pruebas que la Fiscal\u00eda de Puebla recab\u00f3, el Juez de Control determin\u00f3 la vinculaci\u00f3n a proceso del imputado y orden\u00f3 la medida cautelar de prisi\u00f3n preventiva oficiosa.<\/p>\n","protected":false},"excerpt":{"rendered":"<p>La Fiscal\u00eda General del Estado de Puebla obtuvo la vinculaci\u00f3n a proceso de Ulises Alfredo<\/p>\n","protected":false},"author":2,"featured_media":1803,"comment_status":"open","ping_status":"open","sticky":false,"template":"","format":"standard","meta":{"footnotes":""},"categories":[14],"tags":[766,767,379,236,496,235],"class_list":["post-1802","post","type-post","status-publish","format-standard","has-post-thumbnail","hentry","category-nota-roja","tag-fiscalia-de-puebla","tag-municipio-de-altepexi","tag-nota-roja-de-puebla","tag-noticias-de-puebla","tag-noticias-de-puebla-de-hoy","tag-puebla"],"jetpack_featured_media_url":"http:\/\/lared.news\/wp-content\/uploads\/2023\/03\/Ulises-Alfredo-N.jpg","_links":{"self":[{"href":"http:\/\/lared.news\/index.php\/wp-json\/wp\/v2\/posts\/1802","targetHints":{"allow":["GET"]}}],"collection":[{"href":"http:\/\/lared.news\/index.php\/wp-json\/wp\/v2\/posts"}],"about":[{"href":"http:\/\/lared.news\/index.php\/wp-json\/wp\/v2\/types\/post"}],"author":[{"embeddable":true,"href":"http:\/\/lared.news\/index.php\/wp-json\/wp\/v2\/users\/2"}],"replies":[{"embeddable":true,"href":"http:\/\/lared.news\/index.php\/wp-json\/wp\/v2\/comments?post=1802"}],"version-history":[{"count":2,"href":"http:\/\/lared.news\/index.php\/wp-json\/wp\/v2\/posts\/1802\/revisions"}],"predecessor-version":[{"id":1805,"href":"http:\/\/lared.news\/index.php\/wp-json\/wp\/v2\/posts\/1802\/revisions\/1805"}],"wp:featuredmedia":[{"embeddable":true,"href":"http:\/\/lared.news\/index.php\/wp-json\/wp\/v2\/media\/1803"}],"wp:attachment":[{"href":"http:\/\/lared.news\/index.php\/wp-json\/wp\/v2\/media?parent=1802"}],"wp:term":[{"taxonomy":"category","embeddable":true,"href":"http:\/\/lared.news\/index.php\/wp-json\/wp\/v2\/categories?post=1802"},{"taxonomy":"post_tag","embeddable":true,"href":"http:\/\/lared.news\/index.php\/wp-json\/wp\/v2\/tags?post=1802"}],"curies":[{"name":"wp","href":"https:\/\/api.w.org\/{rel}","templated":true}]}}