{"id":1925,"date":"2023-03-28T14:13:30","date_gmt":"2023-03-28T20:13:30","guid":{"rendered":"http:\/\/lared.news\/?p=1925"},"modified":"2023-03-28T14:13:30","modified_gmt":"2023-03-28T20:13:30","slug":"ahora-resulta","status":"publish","type":"post","link":"http:\/\/lared.news\/index.php\/2023\/03\/28\/ahora-resulta\/","title":{"rendered":"Ahora resulta"},"content":{"rendered":"<p>Si bien la Corte en principio emiti\u00f3 la suspensi\u00f3n a la parte del llamado plan B para que no aplicara en las elecciones del Estado de M\u00e9xico y de Coahuila como se pretend\u00eda porque ya hab\u00eda iniciado el proceso electoral; hace unos d\u00edas la Corte tambi\u00e9n resuelve la suspensi\u00f3n del <strong>plan B<\/strong>.<\/p>\n<p>Sin embargo, ahora, deberemos estar pendientes de lo que ya se conoce como <strong>plan C<\/strong> que consiste en el \u201cprocedimiento\u201d para elegir a 4 Consejeros Nacionales que dejan su cargo el 3 de abril pr\u00f3ximo.<\/p>\n<p style=\"padding-left: 40px;\">Este plan C ha pasado por la negativa de reconocer la sentencia del Tribunal Electoral del Poder Judicial de la Federaci\u00f3n (TRIFE) que dispuso que una mujer ocupar\u00e1 la presidencia del Consejo General del INE y que la Junta de Gobierno (Jucopo) de la C\u00e1mara de Diputados se negaba a aceptar, despu\u00e9s de un mes, por fin la Jucopo acata esta sentencia, de manera que la presidencia del Consejo General ser\u00e1 presidida por primera vez por una mujer.<\/p>\n<p>En el inter, se inici\u00f3 el \u201cprocedimiento\u201d para elegir por un <strong>Comit\u00e9 T\u00e9cnico de Evaluaci\u00f3n<\/strong> a los 4 consejeros o consejeras que ocupar\u00e1n el cargo hasta el 3 de abril del 2029, present\u00e1ndose una serie de irregularidades en algunos de los perfiles de las personas que solicitaron registro, muchos de los cuales -como ha sido documentado- no contaban con los requisitos que marca la ley.<\/p>\n<p style=\"padding-left: 40px;\">Aun as\u00ed, han sido propuestas las 4 quintetas seleccionadas por el Comit\u00e9 T\u00e9cnico de Evaluaci\u00f3n de entre las cuales ser\u00e1n electos\/as las consejeras que ocupar\u00e1n el cargo, a pesar de que ha sido reconocido que seis de los 20 finalistas no cumplen con la autonom\u00eda e independencia que requiere el cargo por ser comprobados militantes partidistas, por estar ocupando cargos actuales de gobierno o por su cercan\u00eda y parentesco con actores de gobierno ligados al partido oficial y al presidente.<\/p>\n<p>Una de estas quintetas est\u00e1 integrada solo por mujeres de la cual saldr\u00e1 la Consejera Presidenta del Consejo General del INE.<\/p>\n<p style=\"padding-left: 40px;\">Una vez m\u00e1s queda evidenciado que de lo que se trata es de apropiarse de la Instituci\u00f3n responsable de organizar comicios electorales y de garantizar el ejercicio de los derechos pol\u00edtico-electorales de la ciudadan\u00eda para los fines \u00fanicos del presidente <strong>al no lograr su plan A y su plan B por la v\u00eda de la ley.<\/strong><\/p>\n<p>Como ha quedado evidenciado tambi\u00e9n, que ahora resulta que en este pa\u00eds la delincuencia hace justicia. Dos sonados casos recientemente lo demuestran.<\/p>\n<p>El primero, el secuestro y asesinato de ciudadanos estadounidenses en territorio mexicano que, al hacerse p\u00fablico, d\u00edas despu\u00e9s <strong>\u201caparecen\u201d asesinados los supuestos asesinos<\/strong> de los estadounidenses entregados por la delincuencia organizada con mensaje para que no se dudara; y recientemente <strong>\u201caparece\u201d tambi\u00e9n asesinado, el presunto asesino<\/strong> de los sacerdotes jesuitas y un gu\u00eda de turistas asesinados hace nueve meses.<\/p>\n<p>Ahora resulta que querr\u00e1n hacernos creer, que la elecci\u00f3n de consejeros y consejeras es justa y legal; y que estas apariciones de cuerpos de presuntos \u201casesinos-asesinados\u201d son actos de justicia.<\/p>\n<p>Si no fuera porque es real, ser\u00edan temas para pel\u00edculas de ficci\u00f3n.<\/p>\n","protected":false},"excerpt":{"rendered":"<p>Si bien la Corte en principio emiti\u00f3 la suspensi\u00f3n a la parte del llamado plan<\/p>\n","protected":false},"author":2,"featured_media":1587,"comment_status":"open","ping_status":"open","sticky":false,"template":"","format":"standard","meta":{"footnotes":""},"categories":[15],"tags":[901,507,616,900],"class_list":["post-1925","post","type-post","status-publish","format-standard","has-post-thumbnail","hentry","category-colaboraciones","tag-consejera-presidenta-del-consejo-general-del-ine","tag-estado-de-mexico","tag-rocio-garcia-olmedo","tag-tribunal-electoral-del-poder-judicial-de-la-federacion-trife"],"jetpack_featured_media_url":"http:\/\/lared.news\/wp-content\/uploads\/2023\/01\/Rocio-Garcia-Olmedo.jpg","_links":{"self":[{"href":"http:\/\/lared.news\/index.php\/wp-json\/wp\/v2\/posts\/1925","targetHints":{"allow":["GET"]}}],"collection":[{"href":"http:\/\/lared.news\/index.php\/wp-json\/wp\/v2\/posts"}],"about":[{"href":"http:\/\/lared.news\/index.php\/wp-json\/wp\/v2\/types\/post"}],"author":[{"embeddable":true,"href":"http:\/\/lared.news\/index.php\/wp-json\/wp\/v2\/users\/2"}],"replies":[{"embeddable":true,"href":"http:\/\/lared.news\/index.php\/wp-json\/wp\/v2\/comments?post=1925"}],"version-history":[{"count":1,"href":"http:\/\/lared.news\/index.php\/wp-json\/wp\/v2\/posts\/1925\/revisions"}],"predecessor-version":[{"id":1926,"href":"http:\/\/lared.news\/index.php\/wp-json\/wp\/v2\/posts\/1925\/revisions\/1926"}],"wp:featuredmedia":[{"embeddable":true,"href":"http:\/\/lared.news\/index.php\/wp-json\/wp\/v2\/media\/1587"}],"wp:attachment":[{"href":"http:\/\/lared.news\/index.php\/wp-json\/wp\/v2\/media?parent=1925"}],"wp:term":[{"taxonomy":"category","embeddable":true,"href":"http:\/\/lared.news\/index.php\/wp-json\/wp\/v2\/categories?post=1925"},{"taxonomy":"post_tag","embeddable":true,"href":"http:\/\/lared.news\/index.php\/wp-json\/wp\/v2\/tags?post=1925"}],"curies":[{"name":"wp","href":"https:\/\/api.w.org\/{rel}","templated":true}]}}