{"id":1987,"date":"2023-04-05T22:30:40","date_gmt":"2023-04-06T04:30:40","guid":{"rendered":"http:\/\/lared.news\/?p=1987"},"modified":"2023-04-05T22:30:40","modified_gmt":"2023-04-06T04:30:40","slug":"vive-el-misticismo-y-la-tradicion-de-semana-santa-en-atlixco","status":"publish","type":"post","link":"http:\/\/lared.news\/index.php\/2023\/04\/05\/vive-el-misticismo-y-la-tradicion-de-semana-santa-en-atlixco\/","title":{"rendered":"Vive el misticismo y la tradici\u00f3n de semana santa en Atlixco"},"content":{"rendered":"<p>Atlixco, Puebla.- El gobierno municipal que encabeza Ariadna Ayala, te invita a <strong>disfrutar del misticismo y la tradici\u00f3n de esta temporada de Semana Santa en el Pueblo M\u00e1gico de Atlixco<\/strong>, con actividades religiosas, culturales, adem\u00e1s de atractivos tur\u00edsticos naturales y balnearios, <strong>del 6 al 10 de abril<\/strong>.<\/p>\n<p>Ante la llegada de turistas nacionales y extranjeros para vivir las tradiciones de esta temporada, desde el jueves 06 de abril, conventos e iglesias del municipio estar\u00e1 abiertos al p\u00fablico, quienes podr\u00e1n admirar su arquitectura; a la par, balnearios del municipio se encuentran listos para recibir a ba\u00f1istas con todas las medidas de seguridad.<\/p>\n<p style=\"padding-left: 40px;\"><strong>Durante el viernes 07 de abril, la fe y el misticismo se har\u00e1n presentes por diversos puntos del municipio, desde las 7 de la ma\u00f1ana, familias atlixquense crear\u00e1n tapete de aserr\u00edn por donde m\u00e1s tarde pasar\u00e1 la tradicional procesi\u00f3n de engrillados; a la misma hora, la Procesi\u00f3n del Silencio con el recorrido m\u00e1s largo, saldr\u00e1 desde la junta auxiliar de Santa Luc\u00eda Cosamaloapan, por la tarde el Ex Convento de San Francisco ser\u00e1 el escenario de una representaci\u00f3n teatral a partir de las 7 de la noche.<\/strong><\/p>\n<p>Adem\u00e1s, el Mosaico Monumental de Flores inclusivo contin\u00faa en exhibici\u00f3n en el z\u00f3calo de Atlixco hasta el pr\u00f3ximo domingo 16 de abril, donde se pueden encontrar diversas ofertas de recorridos tur\u00edsticos por museos, viveros y muchos m\u00e1s; consulta m\u00e1s actividades en la p\u00e1gina de Facebook Atlixco Travel.<\/p>\n","protected":false},"excerpt":{"rendered":"<p>Atlixco, Puebla.- El gobierno municipal que encabeza Ariadna Ayala, te invita a disfrutar del misticismo<\/p>\n","protected":false},"author":2,"featured_media":1988,"comment_status":"open","ping_status":"open","sticky":false,"template":"","format":"standard","meta":{"footnotes":""},"categories":[5],"tags":[222,223,946,945,541,944,947],"class_list":["post-1987","post","type-post","status-publish","format-standard","has-post-thumbnail","hentry","category-atlixco","tag-atlixco","tag-atlixco-noticias","tag-ex-convento-de-san-francisco","tag-procesion-del-silencio-en-atlixco","tag-pueblo-magico-de-atlixco","tag-santa-en-atlixco","tag-zocalo-de-atlixco"],"jetpack_featured_media_url":"http:\/\/lared.news\/wp-content\/uploads\/2023\/04\/Cartelera-eventos-religiosos.jpg","_links":{"self":[{"href":"http:\/\/lared.news\/index.php\/wp-json\/wp\/v2\/posts\/1987","targetHints":{"allow":["GET"]}}],"collection":[{"href":"http:\/\/lared.news\/index.php\/wp-json\/wp\/v2\/posts"}],"about":[{"href":"http:\/\/lared.news\/index.php\/wp-json\/wp\/v2\/types\/post"}],"author":[{"embeddable":true,"href":"http:\/\/lared.news\/index.php\/wp-json\/wp\/v2\/users\/2"}],"replies":[{"embeddable":true,"href":"http:\/\/lared.news\/index.php\/wp-json\/wp\/v2\/comments?post=1987"}],"version-history":[{"count":1,"href":"http:\/\/lared.news\/index.php\/wp-json\/wp\/v2\/posts\/1987\/revisions"}],"predecessor-version":[{"id":1989,"href":"http:\/\/lared.news\/index.php\/wp-json\/wp\/v2\/posts\/1987\/revisions\/1989"}],"wp:featuredmedia":[{"embeddable":true,"href":"http:\/\/lared.news\/index.php\/wp-json\/wp\/v2\/media\/1988"}],"wp:attachment":[{"href":"http:\/\/lared.news\/index.php\/wp-json\/wp\/v2\/media?parent=1987"}],"wp:term":[{"taxonomy":"category","embeddable":true,"href":"http:\/\/lared.news\/index.php\/wp-json\/wp\/v2\/categories?post=1987"},{"taxonomy":"post_tag","embeddable":true,"href":"http:\/\/lared.news\/index.php\/wp-json\/wp\/v2\/tags?post=1987"}],"curies":[{"name":"wp","href":"https:\/\/api.w.org\/{rel}","templated":true}]}}