{"id":2008,"date":"2023-04-11T15:50:41","date_gmt":"2023-04-11T21:50:41","guid":{"rendered":"http:\/\/lared.news\/?p=2008"},"modified":"2023-04-11T15:50:41","modified_gmt":"2023-04-11T21:50:41","slug":"recibe-puebla-mas-visitantes-en-zonas-arqueologicas-y-museos","status":"publish","type":"post","link":"http:\/\/lared.news\/index.php\/2023\/04\/11\/recibe-puebla-mas-visitantes-en-zonas-arqueologicas-y-museos\/","title":{"rendered":"Recibe Puebla m\u00e1s visitantes en zonas arqueol\u00f3gicas y museos"},"content":{"rendered":"<p>CIUDAD DE PUEBLA, Pue.- Derivado de la estrategia emprendida por el gobierno presente de Sergio Salom\u00f3n, <strong>Puebla recibi\u00f3 un total de 57 mil 506 visitantes a zonas arqueol\u00f3gicas, museos y monumentos hist\u00f3ricos durante el primer bimestre de 2023<\/strong>, lo que signific\u00f3 un crecimiento superior al 341 por ciento respecto al mismo periodo de 2022, cuando recibieron 13 mil 015 visitantes, informa la Secretar\u00eda de Turismo.<\/p>\n<p>De acuerdo con el Sistema Institucional de Estad\u00edstica del Instituto Nacional de Antropolog\u00eda e Historia (INAH), <strong>enero tuvo el mejor desempe\u00f1o al recibir 30 mil 475 visitantes<\/strong>.<\/p>\n<p style=\"padding-left: 40px;\">De manera general, <strong>las zonas arqueol\u00f3gicas en el estado son las que reportaron la mayor afluencia de visitantes, al captar m\u00e1s del 50 por ciento de los registros<\/strong>.<\/p>\n<p style=\"padding-left: 40px;\"><strong>Los sitios m\u00e1s visitados, en cuanto a zonas arqueol\u00f3gicas, fueron Cholula, Yohualichan y Cantona<\/strong>. En lo que respecta a <strong>museos y monumentos hist\u00f3ricos, el exconvento Franciscano de Tecali, Museo de la No Intervenci\u00f3n Fuerte de Loreto, Museo de Arte Religioso de Santa M\u00f3nica, Museo de Tehuac\u00e1n el Viejo con zona arqueol\u00f3gica y museo de la Evangelizaci\u00f3n en Huejotzingo<\/strong>.<\/p>\n<p>El gobierno de Sergio Salom\u00f3n continuar\u00e1 con acciones permanentes para posicionar a Puebla en materia tur\u00edstica nacional e internacionalmente y, as\u00ed aprovechar la tendencia en cuanto a la preferencia de viajes reportada por la Secretar\u00eda de Turismo federal, que indica que el 51 por ciento de los viajantes, a nivel nacional, buscan destinos culturales.<\/p>\n","protected":false},"excerpt":{"rendered":"<p>CIUDAD DE PUEBLA, Pue.- Derivado de la estrategia emprendida por el gobierno presente de Sergio<\/p>\n","protected":false},"author":2,"featured_media":2012,"comment_status":"open","ping_status":"open","sticky":false,"template":"","format":"standard","meta":{"footnotes":""},"categories":[7],"tags":[966,967,235,237,965],"class_list":["post-2008","post","type-post","status-publish","format-standard","has-post-thumbnail","hentry","category-mas-noticias","tag-museos-de-puebla","tag-noticis-de-puebla","tag-puebla","tag-puebla-noticias","tag-zonas-arqueologicas-de-puebla"],"jetpack_featured_media_url":"http:\/\/lared.news\/wp-content\/uploads\/2023\/04\/zonas-arqueologicas-de-puebla.jpg","_links":{"self":[{"href":"http:\/\/lared.news\/index.php\/wp-json\/wp\/v2\/posts\/2008","targetHints":{"allow":["GET"]}}],"collection":[{"href":"http:\/\/lared.news\/index.php\/wp-json\/wp\/v2\/posts"}],"about":[{"href":"http:\/\/lared.news\/index.php\/wp-json\/wp\/v2\/types\/post"}],"author":[{"embeddable":true,"href":"http:\/\/lared.news\/index.php\/wp-json\/wp\/v2\/users\/2"}],"replies":[{"embeddable":true,"href":"http:\/\/lared.news\/index.php\/wp-json\/wp\/v2\/comments?post=2008"}],"version-history":[{"count":1,"href":"http:\/\/lared.news\/index.php\/wp-json\/wp\/v2\/posts\/2008\/revisions"}],"predecessor-version":[{"id":2013,"href":"http:\/\/lared.news\/index.php\/wp-json\/wp\/v2\/posts\/2008\/revisions\/2013"}],"wp:featuredmedia":[{"embeddable":true,"href":"http:\/\/lared.news\/index.php\/wp-json\/wp\/v2\/media\/2012"}],"wp:attachment":[{"href":"http:\/\/lared.news\/index.php\/wp-json\/wp\/v2\/media?parent=2008"}],"wp:term":[{"taxonomy":"category","embeddable":true,"href":"http:\/\/lared.news\/index.php\/wp-json\/wp\/v2\/categories?post=2008"},{"taxonomy":"post_tag","embeddable":true,"href":"http:\/\/lared.news\/index.php\/wp-json\/wp\/v2\/tags?post=2008"}],"curies":[{"name":"wp","href":"https:\/\/api.w.org\/{rel}","templated":true}]}}