{"id":2014,"date":"2023-04-11T17:37:43","date_gmt":"2023-04-11T23:37:43","guid":{"rendered":"http:\/\/lared.news\/?p=2014"},"modified":"2023-04-11T17:40:49","modified_gmt":"2023-04-11T23:40:49","slug":"registra-atlixco-mas-del-90-de-ocupacion-hotelera-y-gran-asistencia-en-restaurantes-y-balnearios","status":"publish","type":"post","link":"http:\/\/lared.news\/index.php\/2023\/04\/11\/registra-atlixco-mas-del-90-de-ocupacion-hotelera-y-gran-asistencia-en-restaurantes-y-balnearios\/","title":{"rendered":"Registra Atlixco m\u00e1s del 90% de ocupaci\u00f3n hotelera y gran asistencia en restaurantes y balnearios"},"content":{"rendered":"<p>Atlixco, Puebla.- El gobierno municipal encabezado por Ariadna Ayala, inform\u00f3 que <strong>durante la primera semana de vacaciones de \u201cSemana Santa\u201d, Atlixco registr\u00f3 m\u00e1s del 90% de ocupaci\u00f3n hotelera, al igual que el sector restaurantero y gran asistencia de ba\u00f1istas en los principales balnearios del municipio<\/strong>.<\/p>\n<p>De acuerdo a las cifras recabadas por la Secretar\u00eda de Desarrollo Econ\u00f3mico y Turismo, la alta afluencia de vacacionistas se vio reflejada desde el lunes 03 de abril, quienes llegaban a este Pueblo M\u00e1gico para vivir en un ambiente de armon\u00eda, paz y misticismo, las tradiciones religiosas y culturales.<\/p>\n<p>Durante los primeros d\u00edas de la semana y hasta el Viernes Santo, los balnearios eran ocupados a la mitad de su capacidad por ba\u00f1istas, mientras que, durante el s\u00e1bado de gloria y domingo de resurrecci\u00f3n, se registraba el 100% de aforo, tan solo <strong>el balneario m\u00e1s popular por sus manantiales, Axocopan, fue visitado por m\u00e1s de 4 mil personas<\/strong>.<\/p>\n<p>En el transcurso de estos d\u00edas, familias atlixquenses continuaron\u00a0 con la tradici\u00f3n de los tapetes de aserr\u00edn por\u00a0 las calles de Atlixco, adem\u00e1s, los visitantes pudieron presenciar la procesi\u00f3n m\u00e1s grande del municipio que recorre m\u00e1s de 5 kil\u00f3metros desde la junta auxiliar de Santa Luc\u00eda Cosamaloapan hasta la comunidad de Nexatengo, asimismo, los viveros de Cabrera y el Mosaico Floral Monumental fueron de los m\u00e1s visitados, sumado a esto, actividades l\u00fadicas, como la &#8220;Tarde Danzonera&#8221;\u00a0 del domingo 09 de abril, dejando una buena derrama econ\u00f3mica dispersa en colonias y juntas auxiliares del municipio.<\/p>\n","protected":false},"excerpt":{"rendered":"<p>Atlixco, Puebla.- El gobierno municipal encabezado por Ariadna Ayala, inform\u00f3 que durante la primera semana<\/p>\n","protected":false},"author":2,"featured_media":2019,"comment_status":"open","ping_status":"open","sticky":false,"template":"","format":"standard","meta":{"footnotes":""},"categories":[5],"tags":[222,223,974,975,969,224,976],"class_list":["post-2014","post","type-post","status-publish","format-standard","has-post-thumbnail","hentry","category-atlixco","tag-atlixco","tag-atlixco-noticias","tag-axocopan","tag-balneario-axocopan","tag-gobierno-de-atlixco","tag-noticias-de-atlixco","tag-santa-lucia-cosamaloapan"],"jetpack_featured_media_url":"http:\/\/lared.news\/wp-content\/uploads\/2023\/04\/engrillados-atlixco.jpg","_links":{"self":[{"href":"http:\/\/lared.news\/index.php\/wp-json\/wp\/v2\/posts\/2014","targetHints":{"allow":["GET"]}}],"collection":[{"href":"http:\/\/lared.news\/index.php\/wp-json\/wp\/v2\/posts"}],"about":[{"href":"http:\/\/lared.news\/index.php\/wp-json\/wp\/v2\/types\/post"}],"author":[{"embeddable":true,"href":"http:\/\/lared.news\/index.php\/wp-json\/wp\/v2\/users\/2"}],"replies":[{"embeddable":true,"href":"http:\/\/lared.news\/index.php\/wp-json\/wp\/v2\/comments?post=2014"}],"version-history":[{"count":1,"href":"http:\/\/lared.news\/index.php\/wp-json\/wp\/v2\/posts\/2014\/revisions"}],"predecessor-version":[{"id":2020,"href":"http:\/\/lared.news\/index.php\/wp-json\/wp\/v2\/posts\/2014\/revisions\/2020"}],"wp:featuredmedia":[{"embeddable":true,"href":"http:\/\/lared.news\/index.php\/wp-json\/wp\/v2\/media\/2019"}],"wp:attachment":[{"href":"http:\/\/lared.news\/index.php\/wp-json\/wp\/v2\/media?parent=2014"}],"wp:term":[{"taxonomy":"category","embeddable":true,"href":"http:\/\/lared.news\/index.php\/wp-json\/wp\/v2\/categories?post=2014"},{"taxonomy":"post_tag","embeddable":true,"href":"http:\/\/lared.news\/index.php\/wp-json\/wp\/v2\/tags?post=2014"}],"curies":[{"name":"wp","href":"https:\/\/api.w.org\/{rel}","templated":true}]}}