{"id":2021,"date":"2023-04-11T18:05:08","date_gmt":"2023-04-12T00:05:08","guid":{"rendered":"http:\/\/lared.news\/?p=2021"},"modified":"2023-04-11T18:05:08","modified_gmt":"2023-04-12T00:05:08","slug":"nueva-historia","status":"publish","type":"post","link":"http:\/\/lared.news\/index.php\/2023\/04\/11\/nueva-historia\/","title":{"rendered":"Nueva historia"},"content":{"rendered":"<p>El 3 de abril inici\u00f3 <strong>una nueva historia en el Instituto Nacional Electoral (INE),<\/strong> una mujer preside por primera vez la Instituci\u00f3n, Guadalupe Taddei Zavala.<\/p>\n<p>Si bien siempre ser\u00e1 una interrogante que este tipo de cargos de alta especialidad sean designados mediante sorteo, aun cuando estaba tambi\u00e9n previsto en la Convocatoria, pero como \u00faltimo recurso, s\u00f3lo cuando el di\u00e1logo y el acuerdo pol\u00edtico no se alcanzara; en la C\u00e1mara de Diputados decidieron \u201cbrincarse\u201d este paso -el del di\u00e1logo y el acuerdo pol\u00edtico- y se fueron directo al sorteo. En fin.<\/p>\n<p>Las nuevas integrantes sumar\u00e1n su experiencia adquirida durante su desempe\u00f1o profesional en el \u00e1mbito de las estructuras locales del INE de donde provienen, a la experiencia demostrada de las actuales consejeras.<\/p>\n<p style=\"padding-left: 40px;\">Por primera vez tambi\u00e9n en la historia del Consejo General del INE, su nueva conformaci\u00f3n es mayoritariamente de mujeres, 6 Consejeras Electorales, una de ellas Consejera Presidenta de 11 personas que lo integran, lo que es esperanzador si lo miramos desde el enfoque de que en su actuar atender\u00e1n la perspectiva de g\u00e9nero.<\/p>\n<p>A lo anterior podemos agregar que justamente por su experiencia desde lo local, tienen claro el retroceso que representa el plan B, al pretender centralizar nuevamente las elecciones, y el da\u00f1o que representa para la instituci\u00f3n, tener que liquidar a m\u00e1s cinco mil empleados especializados, no s\u00f3lo por lo econ\u00f3mico que representar\u00eda, sino por la p\u00e9rdida de profesionales necesarios para la preparaci\u00f3n, organizaci\u00f3n y vigilancia de las elecciones, que el d\u00eda de la jornada electoral en las casillas electorales unidos a la ciudadan\u00eda generan elecciones confiables, justas, imparciales y libres.<\/p>\n<p>Si bien habr\u00e1 que esperar lo que se resuelva sobre el plan B, deber\u00e1n cumplir en su actuaci\u00f3n con lo que establece la Constituci\u00f3n y por lo pronto las leyes secundarias vigentes, esperando tambi\u00e9n que su actuar permita continuar impulsando la progresividad de nuestros derechos reconocidos en 2011 y en la aplicaci\u00f3n del principio de paridad en la conformaci\u00f3n de la representaci\u00f3n pol\u00edtica nacional alcanzado en 2014.<\/p>\n<p>Lo comento porque <strong>otra nueva historia se ha iniciado <\/strong>en contra de los derechos pol\u00edtico-electorales de las mujeres,<strong> ahora en contra del Tribunal Electoral del Poder Judicial de la Federaci\u00f3n (TRIFE).<\/strong><\/p>\n<p style=\"padding-left: 40px;\">En la C\u00e1mara de Diputados el partido pol\u00edtico <em>Morena<\/em> ha presentado una iniciativa a la Constituci\u00f3n para reformar los art\u00edculos 41 y 73 que vulneran las facultades del TRIFE.<\/p>\n<p>Si de por s\u00ed hay a\u00fan retos en la aplicaci\u00f3n y materializaci\u00f3n del principio de paridad y \u00a0por s\u00ed mismas las propuestas que integran el plan B respecto al cumplimiento de dicho principio, son una amenaza, ahora <strong>se propone<\/strong> <strong>debilitar<\/strong> <strong>al Tribunal Electoral del Poder Judicial de la Federaci\u00f3n (TRIFE), <\/strong>al restringirle y limitarle facultades y competencias, para establecer, modificar o fijar acciones afirmativas, restringiendo con ello sus facultades interpretativas y de control de convencionalidad en perjuicio de los derechos pol\u00edtico-electorales de las mujeres y de los grupos minoritarios hist\u00f3ricamente discriminados para ocupar espacios p\u00fablicos, poniendo en riesgo la facultad de tutelar la protecci\u00f3n de los derechos de las mujeres y de las minor\u00edas.<\/p>\n<p style=\"padding-left: 40px;\"><strong>\u00bfA qu\u00e9 autoridad recurrir\u00e1n las mujeres cuando sean v\u00edctimas de discriminaci\u00f3n y violencia pol\u00edtica en raz\u00f3n de g\u00e9nero, <\/strong>si los tribunales electorales solo podr\u00e1n resolver controversias que \u201cse susciten por normas generales, actos y omisiones reguladas por las leyes electorales, si hasta la Ley General de Medios de Impugnaci\u00f3n en materia electoral est\u00e1 en riesgo tambi\u00e9n de ser derogada si prospera el plan B?<\/p>\n<p>Incre\u00edble que una vez m\u00e1s, <strong><em>Morena<\/em> pretenda con esta Iniciativa trastocar derechos<\/strong> adquiridos de las mujeres y eso que es un Congreso que se autodenomina \u201cde la paridad\u201d.<\/p>\n<p>Por ello nuevamente requerimos hacer un frente com\u00fan ahora <strong>en defensa del TRIFE<\/strong> y de las facultades <strong>que tutelan los derechos<\/strong> de las mujeres y de las minor\u00edas.<\/p>\n","protected":false},"excerpt":{"rendered":"<p>El 3 de abril inici\u00f3 una nueva historia en el Instituto Nacional Electoral (INE), una<\/p>\n","protected":false},"author":2,"featured_media":1587,"comment_status":"open","ping_status":"open","sticky":false,"template":"","format":"standard","meta":{"footnotes":""},"categories":[15],"tags":[977,415,978,616,900],"class_list":["post-2021","post","type-post","status-publish","format-standard","has-post-thumbnail","hentry","category-colaboraciones","tag-guadalupe-taddei-zavala-presidenta-del-ine","tag-instituto-nacional-electoral-ine","tag-morena","tag-rocio-garcia-olmedo","tag-tribunal-electoral-del-poder-judicial-de-la-federacion-trife"],"jetpack_featured_media_url":"http:\/\/lared.news\/wp-content\/uploads\/2023\/01\/Rocio-Garcia-Olmedo.jpg","_links":{"self":[{"href":"http:\/\/lared.news\/index.php\/wp-json\/wp\/v2\/posts\/2021","targetHints":{"allow":["GET"]}}],"collection":[{"href":"http:\/\/lared.news\/index.php\/wp-json\/wp\/v2\/posts"}],"about":[{"href":"http:\/\/lared.news\/index.php\/wp-json\/wp\/v2\/types\/post"}],"author":[{"embeddable":true,"href":"http:\/\/lared.news\/index.php\/wp-json\/wp\/v2\/users\/2"}],"replies":[{"embeddable":true,"href":"http:\/\/lared.news\/index.php\/wp-json\/wp\/v2\/comments?post=2021"}],"version-history":[{"count":1,"href":"http:\/\/lared.news\/index.php\/wp-json\/wp\/v2\/posts\/2021\/revisions"}],"predecessor-version":[{"id":2022,"href":"http:\/\/lared.news\/index.php\/wp-json\/wp\/v2\/posts\/2021\/revisions\/2022"}],"wp:featuredmedia":[{"embeddable":true,"href":"http:\/\/lared.news\/index.php\/wp-json\/wp\/v2\/media\/1587"}],"wp:attachment":[{"href":"http:\/\/lared.news\/index.php\/wp-json\/wp\/v2\/media?parent=2021"}],"wp:term":[{"taxonomy":"category","embeddable":true,"href":"http:\/\/lared.news\/index.php\/wp-json\/wp\/v2\/categories?post=2021"},{"taxonomy":"post_tag","embeddable":true,"href":"http:\/\/lared.news\/index.php\/wp-json\/wp\/v2\/tags?post=2021"}],"curies":[{"name":"wp","href":"https:\/\/api.w.org\/{rel}","templated":true}]}}