{"id":2060,"date":"2023-04-19T21:10:12","date_gmt":"2023-04-20T03:10:12","guid":{"rendered":"http:\/\/lared.news\/?p=2060"},"modified":"2023-04-19T21:10:12","modified_gmt":"2023-04-20T03:10:12","slug":"decisiones","status":"publish","type":"post","link":"http:\/\/lared.news\/index.php\/2023\/04\/19\/decisiones\/","title":{"rendered":"Decisiones"},"content":{"rendered":"<p>Durante este sexenio muchas voces de mujeres hab\u00edan permanecido calladas, era para m\u00ed inexplicable e inaceptable, de ah\u00ed que lo que sucedi\u00f3 la semana anterior es algo para se\u00f1alarse.<\/p>\n<p>El grave error de querer limitar la facultad de interpretaci\u00f3n del Poder Judicial\u00a0en materia de derechos y justicia pol\u00edtico electoral, lo hizo posible.<\/p>\n<p style=\"padding-left: 40px;\"><em>Nuevamente todas las mujeres de organizaciones, acad\u00e9micas, pol\u00edticas, militantes partidistas, diputadas de todos los partidos pol\u00edticos unieron sus voces para defender lo que por d\u00e9cadas hemos ido logrando.<\/em><\/p>\n<p>Y es de comentarse, porque una vez m\u00e1s, ha quedado demostrado que cuando las mujeres deciden una acci\u00f3n que pretende violentar nuestros derechos y en su defensa ah\u00ed estamos todas.<\/p>\n<p>Ante lo que parec\u00eda la inminente aprobaci\u00f3n de una iniciativa de reforma constitucional, derivado del \u201cacuerdo\u201d que ya ten\u00edan las c\u00fapulas de los partidos pol\u00edticos acreditados como coordinadores de las fracciones parlamentarias, en la Junta de Coordinaci\u00f3n Pol\u00edtica de la C\u00e1mara de Diputado, -por cierto todos hombres- para limitar facultades al Tribunal Electoral del Poder Judicial de la Federaci\u00f3n (TEPJ), que afectaba los logros en materia de paridad y de acciones afirmativas para los grupos minoritarios excluidos hist\u00f3ricamente, por m\u00e1s que hicieron, incluso atrevi\u00e9ndose a desacreditar a sus compa\u00f1eras legisladoras, al decirles que no la hab\u00edan le\u00eddo bien, r\u00e1pidamente la verdad sali\u00f3, se sumaron m\u00e1s y m\u00e1s organizaciones civiles y tuvieron que echar para atr\u00e1s esa iniciativa, no sin antes decir que iban a \u201cperfeccionarla\u201d no veo como puedan hacerlo.<\/p>\n<p style=\"padding-left: 40px;\"><em>Tal parece que a estas c\u00fapulas de los partidos pol\u00edticos en la C\u00e1mara de Diputados (PAN, PRI, PRD, MORENA) olvidaron lo que hemos batallado las mujeres de todos los partidos pol\u00edticos para que cumplan con la normativa, y s\u00f3lo ha sido a punta de sentencias que hemos podido ir avanzando.<\/em><\/p>\n<p>Se les olvid\u00f3 que cuando se establecieron las cuotas no las cumpl\u00edan con todo tipo de argucias, hasta que en 2011 se conoce la sentencia 12624 del Tribunal Electoral del Poder Judicial de la Federaci\u00f3n y el INE les obliga a los partidos a cumplir el 40% de postulaciones de mujeres, como recuerdo en aquel momento que los partidos ya hab\u00edan postulado y tuvieron que corregir.<\/p>\n<p>Se les olvid\u00f3 tambi\u00e9n que las mujeres eran colocadas en los \u00faltimos lugares de las listas de Representaci\u00f3n proporcional, hasta que el Tribunal orden\u00f3 la alternancia hombre-mujer. Que pon\u00edan de suplentes de mujeres a hombres, las hac\u00edan renunciar -las juanitas- y quedaban hombres en los cargos, hasta que el TEPJ orden\u00f3 que candidaturas propietarias de mujer, deb\u00edan llevar de suplente a mujer.<\/p>\n<p style=\"padding-left: 40px;\"><em><strong>O que tal cuando Los partidos postulaban a las mujeres en distritos y\/o municipios perdedores hasta que el TEPJ orden\u00f3 deb\u00edan abanderar distritos competitivos.<\/strong><\/em><\/p>\n<p style=\"padding-left: 40px;\"><em><strong>Despu\u00e9s y a pesar de la introducci\u00f3n del principio de paridad en la Constituci\u00f3n (2014) y del ordenamiento de la paridad en todo (2019) los partidos se resist\u00edan a cumplir con las postulaciones en gubernaturas, el TEPJ y el INE tuvieron que intervenir para su cumplimiento.<\/strong><\/em><\/p>\n<p>De ah\u00ed que estas Instituciones, han podido desarrollar mecanismos de protecci\u00f3n de derechos de las mujeres, incluso muy recientemente la obligatoriedad de proponer para Consejeras una quinteta solo de mujeres de4 donde sali\u00f3 la actual presidenta del INE, de manera que sin estas instituciones no estar\u00edamos ocupando los cargos que hoy tienen las mujeres, en donde incluso son mayor\u00eda en muchos Congresos estatales y en la C\u00e1mara de Diputados, ya se postulan planillas paritarias en gobiernos municipales as\u00ed como en los gobiernos estatales.<\/p>\n<p>Como ver\u00e1n limitar la facultad de interpretaci\u00f3n en el TEPJ claro, que pon\u00eda en riesgo los derechos de mujeres y las minor\u00edas.<\/p>\n<p>Tal vez los partidos est\u00e1n enojados con el TEPJ por tantas enmiendas que les han hecho, incluso ahora mismo est\u00e1 enmend\u00e1ndoles la plana al PRI y a MORENA por la ampliaci\u00f3n \u201cirregular\u201d de los per\u00edodos de dirigencia a ambos presidentes nacionales.<\/p>\n<p>Por eso importante lo sucedido en la semana que concluy\u00f3, m\u00e1s a\u00fan cuando estamos siendo testigos de que todo lo que les incomoda, incluido el gobierno federal ahora o pretenden desaparecerlo o limitarlo ah\u00ed esta como ejemplo, lo que est\u00e1 sucediendo con el Instituto Nacional de Transparencia y Acceso a la Informaci\u00f3n (INAI) y reitero a la ciudadan\u00eda nos interesa que funcione el INAI #TeTocaSenado.<\/p>\n","protected":false},"excerpt":{"rendered":"<p>Durante este sexenio muchas voces de mujeres hab\u00edan permanecido calladas, era para m\u00ed inexplicable e<\/p>\n","protected":false},"author":2,"featured_media":1587,"comment_status":"open","ping_status":"open","sticky":false,"template":"","format":"standard","meta":{"footnotes":""},"categories":[15],"tags":[616,1002],"class_list":["post-2060","post","type-post","status-publish","format-standard","has-post-thumbnail","hentry","category-colaboraciones","tag-rocio-garcia-olmedo","tag-tepj"],"jetpack_featured_media_url":"http:\/\/lared.news\/wp-content\/uploads\/2023\/01\/Rocio-Garcia-Olmedo.jpg","_links":{"self":[{"href":"http:\/\/lared.news\/index.php\/wp-json\/wp\/v2\/posts\/2060","targetHints":{"allow":["GET"]}}],"collection":[{"href":"http:\/\/lared.news\/index.php\/wp-json\/wp\/v2\/posts"}],"about":[{"href":"http:\/\/lared.news\/index.php\/wp-json\/wp\/v2\/types\/post"}],"author":[{"embeddable":true,"href":"http:\/\/lared.news\/index.php\/wp-json\/wp\/v2\/users\/2"}],"replies":[{"embeddable":true,"href":"http:\/\/lared.news\/index.php\/wp-json\/wp\/v2\/comments?post=2060"}],"version-history":[{"count":1,"href":"http:\/\/lared.news\/index.php\/wp-json\/wp\/v2\/posts\/2060\/revisions"}],"predecessor-version":[{"id":2061,"href":"http:\/\/lared.news\/index.php\/wp-json\/wp\/v2\/posts\/2060\/revisions\/2061"}],"wp:featuredmedia":[{"embeddable":true,"href":"http:\/\/lared.news\/index.php\/wp-json\/wp\/v2\/media\/1587"}],"wp:attachment":[{"href":"http:\/\/lared.news\/index.php\/wp-json\/wp\/v2\/media?parent=2060"}],"wp:term":[{"taxonomy":"category","embeddable":true,"href":"http:\/\/lared.news\/index.php\/wp-json\/wp\/v2\/categories?post=2060"},{"taxonomy":"post_tag","embeddable":true,"href":"http:\/\/lared.news\/index.php\/wp-json\/wp\/v2\/tags?post=2060"}],"curies":[{"name":"wp","href":"https:\/\/api.w.org\/{rel}","templated":true}]}}