{"id":2065,"date":"2023-04-20T13:08:23","date_gmt":"2023-04-20T19:08:23","guid":{"rendered":"http:\/\/lared.news\/?p=2065"},"modified":"2023-04-20T13:08:23","modified_gmt":"2023-04-20T19:08:23","slug":"ariadna-ayala-lleva-60-de-promesas-cumplidas-a-mitad-de-su-periodo","status":"publish","type":"post","link":"http:\/\/lared.news\/index.php\/2023\/04\/20\/ariadna-ayala-lleva-60-de-promesas-cumplidas-a-mitad-de-su-periodo\/","title":{"rendered":"Ariadna Ayala lleva 60% de promesas cumplidas a mitad de su periodo"},"content":{"rendered":"<p>Atlixco, Puebla.- La edil anuncia m\u00e1s acciones para el cumplimiento del 100% de las promesas como la primera Alberca Semiol\u00edmpica Municipal, Iluminaci\u00f3n de Monumentos y m\u00e1s compromisos que ser\u00e1n una realidad en este a\u00f1o.<\/p>\n<p>La presidenta municipal de Atlixco, <strong>Ariadna Ayala ha cumplido el 60% de sus promesas a mitad de su trienio<\/strong>, asegura que cumplir\u00e1 con cada una de las promesas a las que se comprometi\u00f3, <strong>llegando as\u00ed al 100%<\/strong>, entre ellas\u00a0 destacan: la remodelaci\u00f3n del Mercado Benito Ju\u00e1rez, la construcci\u00f3n del Mirador de Cristal, la Farmacia Municipal a bajo costo, la primera Incubadora Municipal de Negocios, as\u00ed como la colocaci\u00f3n de esc\u00e1neres en principales puntos de la ciudad y la inclusi\u00f3n laboral de grupos vulnerables en el Ayuntamiento.<\/p>\n<p style=\"padding-left: 40px;\"><em>El mayor porcentaje de las promesas quedar\u00e1n cumplidas este a\u00f1o, como por ejemplo la construcci\u00f3n de la Alberca Semiol\u00edmpica, el Museo del Ferrocarril, adem\u00e1s de la implementaci\u00f3n de la RED-COLECTA: una aplicaci\u00f3n (APP) para la recolecci\u00f3n de basura, entre otras.<\/em><\/p>\n<p>Finalmente, Ariadna Ayala reafirma que se contin\u00faa ejecutando proyectos de alto impacto para fortalecer la vocaci\u00f3n tur\u00edstica del municipio, con buenos resultados y logrando responder a los atlixquenses con trabajo, entregando m\u00e1s obras sociales, educativas, deportivas, desarrollando eventos tur\u00edsticos todo el a\u00f1o, acciones sociales que impactan de manera positiva en materia de salud, econom\u00eda y bienestar de la poblaci\u00f3n.<\/p>\n<p>En las p\u00e1ginas oficiales del Ayuntamiento, al igual que en el de la edil atlixquense, se estar\u00e1n compartiendo durante esta semana los compromisos cumplidos para m\u00e1s informaci\u00f3n.<\/p>\n","protected":false},"excerpt":{"rendered":"<p>Atlixco, Puebla.- La edil anuncia m\u00e1s acciones para el cumplimiento del 100% de las promesas<\/p>\n","protected":false},"author":2,"featured_media":2066,"comment_status":"open","ping_status":"open","sticky":false,"template":"","format":"standard","meta":{"footnotes":""},"categories":[5],"tags":[1006,251,222,223,224,1005],"class_list":["post-2065","post","type-post","status-publish","format-standard","has-post-thumbnail","hentry","category-atlixco","tag-alberca-semiolimpica-en-atlixco","tag-ariadna-ayala","tag-atlixco","tag-atlixco-noticias","tag-noticias-de-atlixco","tag-presidenta-municipal-de-atlixco"],"jetpack_featured_media_url":"http:\/\/lared.news\/wp-content\/uploads\/2023\/04\/ariadana-ayala.jpg","_links":{"self":[{"href":"http:\/\/lared.news\/index.php\/wp-json\/wp\/v2\/posts\/2065","targetHints":{"allow":["GET"]}}],"collection":[{"href":"http:\/\/lared.news\/index.php\/wp-json\/wp\/v2\/posts"}],"about":[{"href":"http:\/\/lared.news\/index.php\/wp-json\/wp\/v2\/types\/post"}],"author":[{"embeddable":true,"href":"http:\/\/lared.news\/index.php\/wp-json\/wp\/v2\/users\/2"}],"replies":[{"embeddable":true,"href":"http:\/\/lared.news\/index.php\/wp-json\/wp\/v2\/comments?post=2065"}],"version-history":[{"count":1,"href":"http:\/\/lared.news\/index.php\/wp-json\/wp\/v2\/posts\/2065\/revisions"}],"predecessor-version":[{"id":2067,"href":"http:\/\/lared.news\/index.php\/wp-json\/wp\/v2\/posts\/2065\/revisions\/2067"}],"wp:featuredmedia":[{"embeddable":true,"href":"http:\/\/lared.news\/index.php\/wp-json\/wp\/v2\/media\/2066"}],"wp:attachment":[{"href":"http:\/\/lared.news\/index.php\/wp-json\/wp\/v2\/media?parent=2065"}],"wp:term":[{"taxonomy":"category","embeddable":true,"href":"http:\/\/lared.news\/index.php\/wp-json\/wp\/v2\/categories?post=2065"},{"taxonomy":"post_tag","embeddable":true,"href":"http:\/\/lared.news\/index.php\/wp-json\/wp\/v2\/tags?post=2065"}],"curies":[{"name":"wp","href":"https:\/\/api.w.org\/{rel}","templated":true}]}}