{"id":2069,"date":"2023-04-22T14:21:26","date_gmt":"2023-04-22T20:21:26","guid":{"rendered":"http:\/\/lared.news\/?p=2069"},"modified":"2023-04-22T14:21:26","modified_gmt":"2023-04-22T20:21:26","slug":"atlixco-sigue-en-el-ranking-de-lugares-favoritos-para-disfrutar-semana-santa-con-la-llegada-de-122-mil-visitantes","status":"publish","type":"post","link":"http:\/\/lared.news\/index.php\/2023\/04\/22\/atlixco-sigue-en-el-ranking-de-lugares-favoritos-para-disfrutar-semana-santa-con-la-llegada-de-122-mil-visitantes\/","title":{"rendered":"Atlixco sigue en el ranking de lugares favoritos para disfrutar semana santa con la llegada de 122 mil visitantes"},"content":{"rendered":"<p>Atlixco, Puebla.- Del 18 de marzo al 17 de abril, <strong>el municipio de Atlixco, recibi\u00f3 a 122 mil visitantes<\/strong> para disfrutar de las actividades de primavera y Semana Santa, <strong>manteniendo a este Pueblo M\u00e1gico en el ranking de lugares favoritos<\/strong> para vacacionistas y familias que buscan vivir la experiencia de un lugar seguro, lleno de cultura y tradiciones.<\/p>\n<p>La Direcci\u00f3n de Turismo y Cultura, inform\u00f3 que durante este periodo turistas de diversos estados del pa\u00eds como M\u00e9xico, Guerrero, Veracruz, CDMX\u00a0 y Quer\u00e9taro, as\u00ed como <strong>visitantes extranjeros de Estados Unidos, Canad\u00e1, Colombia, Espa\u00f1a y Francia por mencionar algunos<\/strong> se hicieron presentes para disfrutar de las actividades culturales como el equinoccio de primavera, religiosas, entre las que destacan la procesi\u00f3n de engrillados, adem\u00e1s de los atractivos naturales que ofrece esta ciudad con manantiales, balnearios, su volc\u00e1n y el tradicional Mosaico Floral Monumental compuesto por m\u00e1s de 10 mil plantas en una superficie de 50 metros de largo por 4 metros de alto.<\/p>\n<p>Durante este periodo vacacional, el Ayuntamiento de Atlixco implement\u00f3 diversos operativos de seguridad que permitieron registrar un saldo blanco y salvaguardar en todo momento la integridad de las y los atlixquenses, as\u00ed como turistas.<\/p>\n","protected":false},"excerpt":{"rendered":"<p>Atlixco, Puebla.- Del 18 de marzo al 17 de abril, el municipio de Atlixco, recibi\u00f3<\/p>\n","protected":false},"author":2,"featured_media":2070,"comment_status":"open","ping_status":"open","sticky":false,"template":"","format":"standard","meta":{"footnotes":""},"categories":[5],"tags":[222,622,224,541],"class_list":["post-2069","post","type-post","status-publish","format-standard","has-post-thumbnail","hentry","category-atlixco","tag-atlixco","tag-municipio-de-atlixco","tag-noticias-de-atlixco","tag-pueblo-magico-de-atlixco"],"jetpack_featured_media_url":"http:\/\/lared.news\/wp-content\/uploads\/2023\/04\/mosaico-floral-atlixco.jpg","_links":{"self":[{"href":"http:\/\/lared.news\/index.php\/wp-json\/wp\/v2\/posts\/2069","targetHints":{"allow":["GET"]}}],"collection":[{"href":"http:\/\/lared.news\/index.php\/wp-json\/wp\/v2\/posts"}],"about":[{"href":"http:\/\/lared.news\/index.php\/wp-json\/wp\/v2\/types\/post"}],"author":[{"embeddable":true,"href":"http:\/\/lared.news\/index.php\/wp-json\/wp\/v2\/users\/2"}],"replies":[{"embeddable":true,"href":"http:\/\/lared.news\/index.php\/wp-json\/wp\/v2\/comments?post=2069"}],"version-history":[{"count":1,"href":"http:\/\/lared.news\/index.php\/wp-json\/wp\/v2\/posts\/2069\/revisions"}],"predecessor-version":[{"id":2071,"href":"http:\/\/lared.news\/index.php\/wp-json\/wp\/v2\/posts\/2069\/revisions\/2071"}],"wp:featuredmedia":[{"embeddable":true,"href":"http:\/\/lared.news\/index.php\/wp-json\/wp\/v2\/media\/2070"}],"wp:attachment":[{"href":"http:\/\/lared.news\/index.php\/wp-json\/wp\/v2\/media?parent=2069"}],"wp:term":[{"taxonomy":"category","embeddable":true,"href":"http:\/\/lared.news\/index.php\/wp-json\/wp\/v2\/categories?post=2069"},{"taxonomy":"post_tag","embeddable":true,"href":"http:\/\/lared.news\/index.php\/wp-json\/wp\/v2\/tags?post=2069"}],"curies":[{"name":"wp","href":"https:\/\/api.w.org\/{rel}","templated":true}]}}