{"id":2076,"date":"2023-04-25T19:07:58","date_gmt":"2023-04-26T01:07:58","guid":{"rendered":"http:\/\/lared.news\/?p=2076"},"modified":"2023-04-25T19:07:58","modified_gmt":"2023-04-26T01:07:58","slug":"por-pase-de-revista-para-desfile-5-de-mayo-ruta-modificara-recorrido","status":"publish","type":"post","link":"http:\/\/lared.news\/index.php\/2023\/04\/25\/por-pase-de-revista-para-desfile-5-de-mayo-ruta-modificara-recorrido\/","title":{"rendered":"Por pase de revista para Desfile 5 de Mayo, RUTA modificar\u00e1 recorrido"},"content":{"rendered":"<p style=\"padding-left: 40px;\"><em>Las adecuaciones al trayecto ser\u00e1n a partir de las 09:00 horas en tres estaciones de la L\u00ednea 1<\/em><\/p>\n<p>CIUDAD DE PUEBLA, Pue. \u2013 El gobierno presente de Sergio Salom\u00f3n, a trav\u00e9s de la Secretar\u00eda de Movilidad y Transporte (SMT), informa que <strong>este mi\u00e9rcoles 26 de abril, la L\u00ednea 1 de la Red Urbana de Transporte Articulado (RUTA) modificar\u00e1 su recorrido por el pase de revista para el Desfile C\u00edvico-Militar del 5 de Mayo<\/strong>.<\/p>\n<p><strong>De 09:00 a 09:40 horas, estar\u00e1n cerradas las estaciones \u201cIgnacio Zaragoza\u201d, \u201cLos Fuertes\u201d y \u201cTecnol\u00f3gico\u201d<\/strong>, ubicadas en la Diagonal Defensores de la Rep\u00fablica, a fin de salvaguardar la integridad de las y los estudiantes de las escuelas que participar\u00e1n en el acto.<\/p>\n<p>De igual forma, <strong>ser\u00e1n instalados dispositivos en ambas direcciones de la Diagonal Defensores de la Rep\u00fablica para realizar los desv\u00edos de circulaci\u00f3n y de rutas de transporte p\u00fablico correspondientes durante el horario mencionado<\/strong>.<\/p>\n<p>La SMT recomienda a las y los poblanos utilizar v\u00edas alternas y planear con anticipaci\u00f3n sus traslados, a fin de evitar inconvenientes durante la realizaci\u00f3n de estas actividades.<\/p>\n","protected":false},"excerpt":{"rendered":"<p>Las adecuaciones al trayecto ser\u00e1n a partir de las 09:00 horas en tres estaciones de<\/p>\n","protected":false},"author":2,"featured_media":2077,"comment_status":"open","ping_status":"open","sticky":false,"template":"","format":"standard","meta":{"footnotes":""},"categories":[7],"tags":[1008,1010,236,235,1009],"class_list":["post-2076","post","type-post","status-publish","format-standard","has-post-thumbnail","hentry","category-mas-noticias","tag-desfile-civico-militar-del-5-de-mayo","tag-desfile-de-puebla","tag-noticias-de-puebla","tag-puebla","tag-red-urbana-de-transporte-articulado-ruta"],"jetpack_featured_media_url":"http:\/\/lared.news\/wp-content\/uploads\/2023\/04\/ruta.jpg","_links":{"self":[{"href":"http:\/\/lared.news\/index.php\/wp-json\/wp\/v2\/posts\/2076","targetHints":{"allow":["GET"]}}],"collection":[{"href":"http:\/\/lared.news\/index.php\/wp-json\/wp\/v2\/posts"}],"about":[{"href":"http:\/\/lared.news\/index.php\/wp-json\/wp\/v2\/types\/post"}],"author":[{"embeddable":true,"href":"http:\/\/lared.news\/index.php\/wp-json\/wp\/v2\/users\/2"}],"replies":[{"embeddable":true,"href":"http:\/\/lared.news\/index.php\/wp-json\/wp\/v2\/comments?post=2076"}],"version-history":[{"count":1,"href":"http:\/\/lared.news\/index.php\/wp-json\/wp\/v2\/posts\/2076\/revisions"}],"predecessor-version":[{"id":2078,"href":"http:\/\/lared.news\/index.php\/wp-json\/wp\/v2\/posts\/2076\/revisions\/2078"}],"wp:featuredmedia":[{"embeddable":true,"href":"http:\/\/lared.news\/index.php\/wp-json\/wp\/v2\/media\/2077"}],"wp:attachment":[{"href":"http:\/\/lared.news\/index.php\/wp-json\/wp\/v2\/media?parent=2076"}],"wp:term":[{"taxonomy":"category","embeddable":true,"href":"http:\/\/lared.news\/index.php\/wp-json\/wp\/v2\/categories?post=2076"},{"taxonomy":"post_tag","embeddable":true,"href":"http:\/\/lared.news\/index.php\/wp-json\/wp\/v2\/tags?post=2076"}],"curies":[{"name":"wp","href":"https:\/\/api.w.org\/{rel}","templated":true}]}}