{"id":2082,"date":"2023-05-02T17:46:38","date_gmt":"2023-05-02T23:46:38","guid":{"rendered":"http:\/\/lared.news\/?p=2082"},"modified":"2023-05-02T17:46:38","modified_gmt":"2023-05-02T23:46:38","slug":"un-paso-mas","status":"publish","type":"post","link":"http:\/\/lared.news\/index.php\/2023\/05\/02\/un-paso-mas\/","title":{"rendered":"Un paso m\u00e1s"},"content":{"rendered":"<p>En estos nuevos tiempos que vivimos, entre rumores del estado de salud del presidente provocados -seg\u00fan mi percepci\u00f3n- por su mismo equipo de comunicaci\u00f3n y aprobaciones <em>fast track<\/em> de iniciativas que desaparecen Instituciones, una buena noticia surge, la aprobaci\u00f3n de dos iniciativas que al concluir ambas con el proceso legislativo, entrar\u00e1n en vigor.<\/p>\n<p>La primera es el nuevo <strong>C\u00f3digo N<\/strong><strong>acional de Procedimientos Civiles y Familiares<\/strong> que por <em>vacatio legis,<\/em> (per\u00edodo que transcurre entre su publicaci\u00f3n y su entrada en vigor) el proceso de entrada en vigor que establecieron ser\u00e1 en cuatro a\u00f1os, para que esta norma pueda ser conocida suficientemente antes de hacerla obligatoria, de manera que entrar\u00e1 vigor en el a\u00f1o 2027.<\/p>\n<p>Este instrumento busca establecer procedimientos homologados para dirimir controversias entre particulares, unificando normas para la resoluci\u00f3n de conflictos entre particulares en todo el pa\u00eds; avanza en la totalidad de la oralidad y la digitalizaci\u00f3n de los juicios; abrevia procedimientos muchas veces tortuosos en controversias en materia de alimentos, de divorcio, de arrendamiento, de adopci\u00f3n; entre otros, e incluye tambi\u00e9n el concepto de juicios sumarios y medidas de protecci\u00f3n inmediata.<\/p>\n<p>La segunda aprobada en una sesi\u00f3n at\u00edpica en la C\u00e1mara de Senadores, que esperamos no traiga consecuencias jur\u00eddicas por el desaseo en el procedimiento legislativo, es la <strong>modificaci\u00f3n constitucional a dos art\u00edculos el 38 y el 102 para establecer la suspensi\u00f3n de derechos para que ning\u00fan agresor pueda ocupar alg\u00fan cargo de elecci\u00f3n popular.<\/strong><\/p>\n<p>Conocida como<strong> la #3de3<\/strong>, es una iniciativa ciudadana dirigida a aquellas personas que tengan sentencia por delitos de:<\/p>\n<ol>\n<li>violencia familiar<\/li>\n<li>violencia familiar equiparada<\/li>\n<li>violencia dom\u00e9stica<\/li>\n<li>violaci\u00f3n a la intimidad sexual<\/li>\n<li>violencia pol\u00edtica contra las mujeres en raz\u00f3n de g\u00e9nero<\/li>\n<li>ser declarado deudor alimentario moroso<\/li>\n<li>delitos contra la vida y la integridad corporal<\/li>\n<li>delitos contra la libertad y seguridad sexuales<\/li>\n<\/ol>\n<p>Ambas normativas, representan un paso m\u00e1s muy importante en ruta hacia el acceso a la justicia de las mujeres y a la erradicaci\u00f3n de las violencias en su contra.<\/p>\n<p>Ojal\u00e1 que todos estos esfuerzos legislativos y los que de pol\u00edtica p\u00fablica surjan, logren ese impacto significativo para aminorar esos sangrientos \u00edndices de violencias de g\u00e9nero, as\u00ed como los obst\u00e1culos para obtener justicia.<\/p>\n<p>Ya que hemos sido las mujeres, en algunos momentos con el respaldo de hombres aliados a nuestras causas, quienes hemos impulsado normativa para garantizar y proteger derechos de las mujeres, ya que como bien se ha comentado, en muchas ocasiones la problem\u00e1tica que afecta a las mujeres, pareciera que solo nos preocupa a las mujeres, por ello la importancia de la inclusi\u00f3n de mujeres con conciencia de g\u00e9nero en todos los \u00f3rdenes de toma de decisi\u00f3n.<\/p>\n","protected":false},"excerpt":{"rendered":"<p>En estos nuevos tiempos que vivimos, entre rumores del estado de salud del presidente provocados<\/p>\n","protected":false},"author":2,"featured_media":1587,"comment_status":"open","ping_status":"open","sticky":false,"template":"","format":"standard","meta":{"footnotes":""},"categories":[15],"tags":[1016,1015,616],"class_list":["post-2082","post","type-post","status-publish","format-standard","has-post-thumbnail","hentry","category-colaboraciones","tag-camara-de-senadores","tag-codigo-nacional-de-procedimientos-civiles-y-familiares","tag-rocio-garcia-olmedo"],"jetpack_featured_media_url":"http:\/\/lared.news\/wp-content\/uploads\/2023\/01\/Rocio-Garcia-Olmedo.jpg","_links":{"self":[{"href":"http:\/\/lared.news\/index.php\/wp-json\/wp\/v2\/posts\/2082","targetHints":{"allow":["GET"]}}],"collection":[{"href":"http:\/\/lared.news\/index.php\/wp-json\/wp\/v2\/posts"}],"about":[{"href":"http:\/\/lared.news\/index.php\/wp-json\/wp\/v2\/types\/post"}],"author":[{"embeddable":true,"href":"http:\/\/lared.news\/index.php\/wp-json\/wp\/v2\/users\/2"}],"replies":[{"embeddable":true,"href":"http:\/\/lared.news\/index.php\/wp-json\/wp\/v2\/comments?post=2082"}],"version-history":[{"count":1,"href":"http:\/\/lared.news\/index.php\/wp-json\/wp\/v2\/posts\/2082\/revisions"}],"predecessor-version":[{"id":2084,"href":"http:\/\/lared.news\/index.php\/wp-json\/wp\/v2\/posts\/2082\/revisions\/2084"}],"wp:featuredmedia":[{"embeddable":true,"href":"http:\/\/lared.news\/index.php\/wp-json\/wp\/v2\/media\/1587"}],"wp:attachment":[{"href":"http:\/\/lared.news\/index.php\/wp-json\/wp\/v2\/media?parent=2082"}],"wp:term":[{"taxonomy":"category","embeddable":true,"href":"http:\/\/lared.news\/index.php\/wp-json\/wp\/v2\/categories?post=2082"},{"taxonomy":"post_tag","embeddable":true,"href":"http:\/\/lared.news\/index.php\/wp-json\/wp\/v2\/tags?post=2082"}],"curies":[{"name":"wp","href":"https:\/\/api.w.org\/{rel}","templated":true}]}}