{"id":2088,"date":"2023-05-02T18:05:31","date_gmt":"2023-05-03T00:05:31","guid":{"rendered":"http:\/\/lared.news\/?p=2088"},"modified":"2023-05-02T18:05:31","modified_gmt":"2023-05-03T00:05:31","slug":"sentenciado-por-homicidio-con-arma-de-fuego-en-chietla","status":"publish","type":"post","link":"http:\/\/lared.news\/index.php\/2023\/05\/02\/sentenciado-por-homicidio-con-arma-de-fuego-en-chietla\/","title":{"rendered":"Sentenciado por homicidio con arma de fuego en Chietla"},"content":{"rendered":"<p>Resultado de las pruebas sustentadas por la Fiscal\u00eda General del Estado de Puebla, se dict\u00f3 <strong>sentencia condenatoria contra V\u00edctor N. alias \u201cEl Cepillo\u201d penalmente responsable del delito de homicidio calificado<\/strong>.<\/p>\n<p style=\"padding-left: 40px;\">El 26 de noviembre de 2017 en la localidad de San Miguel la Toma del municipio de Chietla, la v\u00edctima se encontraba en el exterior de su domicilio cuando lleg\u00f3 el hoy sentenciado con quien ten\u00eda conflictos personales.<\/p>\n<p style=\"padding-left: 40px;\">Durante una discusi\u00f3n entre ambos, V\u00edctor N. sac\u00f3 una pistola y dispar\u00f3 contra el occiso, caus\u00e1ndole lesiones que provocaron su fallecimiento.<\/p>\n<p>Por el hecho, la Fiscal\u00eda de Puebla practic\u00f3 diversos actos de investigaci\u00f3n como: procesamiento del lugar de los hechos, entrevistas a testigos y familiares, dict\u00e1menes periciales, entre otros.<\/p>\n<p>Al acreditar su responsabilidad, el Agente del Ministerio P\u00fablico logr\u00f3 que el Tribunal de Enjuiciamiento dictara a V\u00edctor N. una pena de 23 a\u00f1os 9 meses de prisi\u00f3n, as\u00ed como una condena de reparaci\u00f3n del da\u00f1o moral por m\u00e1s de 75 mil pesos, por indemnizaci\u00f3n 337 mil pesos y m\u00e1s de 4 mil pesos por gastos funerarios.<\/p>\n","protected":false},"excerpt":{"rendered":"<p>Resultado de las pruebas sustentadas por la Fiscal\u00eda General del Estado de Puebla, se dict\u00f3<\/p>\n","protected":false},"author":2,"featured_media":2089,"comment_status":"open","ping_status":"open","sticky":false,"template":"","format":"standard","meta":{"footnotes":""},"categories":[14],"tags":[766,1021,236,235,1020],"class_list":["post-2088","post","type-post","status-publish","format-standard","has-post-thumbnail","hentry","category-nota-roja","tag-fiscalia-de-puebla","tag-municipio-de-chietla","tag-noticias-de-puebla","tag-puebla","tag-victor-n-alias-el-cepillo"],"jetpack_featured_media_url":"http:\/\/lared.news\/wp-content\/uploads\/2023\/05\/victor.jpg","_links":{"self":[{"href":"http:\/\/lared.news\/index.php\/wp-json\/wp\/v2\/posts\/2088","targetHints":{"allow":["GET"]}}],"collection":[{"href":"http:\/\/lared.news\/index.php\/wp-json\/wp\/v2\/posts"}],"about":[{"href":"http:\/\/lared.news\/index.php\/wp-json\/wp\/v2\/types\/post"}],"author":[{"embeddable":true,"href":"http:\/\/lared.news\/index.php\/wp-json\/wp\/v2\/users\/2"}],"replies":[{"embeddable":true,"href":"http:\/\/lared.news\/index.php\/wp-json\/wp\/v2\/comments?post=2088"}],"version-history":[{"count":1,"href":"http:\/\/lared.news\/index.php\/wp-json\/wp\/v2\/posts\/2088\/revisions"}],"predecessor-version":[{"id":2090,"href":"http:\/\/lared.news\/index.php\/wp-json\/wp\/v2\/posts\/2088\/revisions\/2090"}],"wp:featuredmedia":[{"embeddable":true,"href":"http:\/\/lared.news\/index.php\/wp-json\/wp\/v2\/media\/2089"}],"wp:attachment":[{"href":"http:\/\/lared.news\/index.php\/wp-json\/wp\/v2\/media?parent=2088"}],"wp:term":[{"taxonomy":"category","embeddable":true,"href":"http:\/\/lared.news\/index.php\/wp-json\/wp\/v2\/categories?post=2088"},{"taxonomy":"post_tag","embeddable":true,"href":"http:\/\/lared.news\/index.php\/wp-json\/wp\/v2\/tags?post=2088"}],"curies":[{"name":"wp","href":"https:\/\/api.w.org\/{rel}","templated":true}]}}