{"id":2184,"date":"2023-05-17T15:58:03","date_gmt":"2023-05-17T21:58:03","guid":{"rendered":"http:\/\/lared.news\/?p=2184"},"modified":"2023-05-17T15:58:55","modified_gmt":"2023-05-17T21:58:55","slug":"la-era-de-andres-guardado-en-la-seleccion-mexicana-llego-a-su-fin","status":"publish","type":"post","link":"http:\/\/lared.news\/index.php\/2023\/05\/17\/la-era-de-andres-guardado-en-la-seleccion-mexicana-llego-a-su-fin\/","title":{"rendered":"La era de Andr\u00e9s Guardado en la Selecci\u00f3n Mexicana lleg\u00f3 a su fin"},"content":{"rendered":"<p><strong>La era de Andr\u00e9s Guardado en la Selecci\u00f3n Mexicana lleg\u00f3 a su fin como un aviso burocr\u00e1tico que \u00fanicamente necesitaba formalizarse<\/strong>. <strong>\u00c9l ya hab\u00eda dicho, previo al Mundial de Qatar, que no habr\u00eda ma\u00f1ana para \u00e9l. Todo quedaba en la Copa del Mundo<\/strong>. Y la fortuna eligi\u00f3 que su \u00faltima aparici\u00f3n mundialista fuera tambi\u00e9n la peor colectiva e individualmente: no se super\u00f3 la fase de grupos y El Principito apenas pudo jugar mediotiempo contra Argentina.<\/p>\n<p>Esa fue la \u00faltima vez que Guardado habr\u00e1 vestido la playera del Tri. No hay m\u00e1s: el reloj hizo su trabajo. Pero ser\u00eda demasiado injusto recordarlo as\u00ed. Ning\u00fan jugador es solamente su fotograf\u00eda final. Pero a veces la narrativa del futbol tiene que ser as\u00ed. Por eso Zidane cerr\u00f3 sus libros con aquel funesto cabezazo a Materazzi en el Ol\u00edmpico de Berl\u00edn. Y lo \u00faltimo que se vio de Guardado fue ese tir\u00f3n que lo llev\u00f3 a pedir su cambio cuando el partido contra Argentina estaba m\u00e1s caliente que nunca y cuando \u00e9l le estaba haciendo una pegajosa (y eficiente) marca a Messi.<\/p>\n<p style=\"padding-left: 40px;\">Pero Guardado es mucho m\u00e1s que ese momento, mucho m\u00e1s que todos los reproches que se le hicieron en los \u00faltimos a\u00f1os \u2014aunque, en realidad, su nivel nunca decay\u00f3 como para decir que estaba acabado\u2014. Cuando <strong>lleg\u00f3 a la Selecci\u00f3n Mexicana en 2005 su llamado pareci\u00f3 una locura an\u00e9cdotica. Pero eso no le import\u00f3 a Ricardo La Volpe, que lo llev\u00f3 al Mundial de Alemania 2006. Ya ah\u00ed hubo inter\u00e9s del futbol europeo. Del Real Madrid Castilla, sucursal del Real Madrid<\/strong>.<\/p>\n<p>&#8220;Me buscaron para ir al Castilla durante seis meses y ver mi evoluci\u00f3n, y si pod\u00eda dar el salto al primer equipo. Pero bueno, en aquel momento hab\u00eda jugado un Mundial y mi equipo por aquel entonces no cre\u00eda que debiera ir a un filial, aunque fuera el del Real Madrid&#8221;, record\u00f3 en una entrevista con UEFA. Tuvo la paciencia precisa, porque la oferta era tentadora: aunque fuera la filial, el Madrid es el Madrid. Cualquiera podr\u00eda retirarse tranquilo del futbol contando por la vida que alg\u00fan d\u00eda visti\u00f3, en alg\u00fan nivel, una camiseta oficial de los blancos.<\/p>\n<p style=\"padding-left: 40px;\">Pero <strong>Guardado aspiraba a otra cosa, a ser importante de verdad. Y por eso se march\u00f3 un a\u00f1o despu\u00e9s a La Coru\u00f1a, para jugar con el Deportivo. Ah\u00ed estuvo de 2007 a 2012 y lo aguant\u00f3 todo<\/strong>: un sinf\u00edn de lesiones que mermaron su crecimiento y, sobre todo, un triste descenso en 2011 que, aparentemente, lo alejaba de la \u00e9lite europea. No fue as\u00ed. Guardado acompa\u00f1\u00f3 a su club a la Segunda, particip\u00f3 en el ascenso aunque ya ten\u00eda un contrato con el Valencia y continu\u00f3 sus andanzas en el futbol m\u00e1s competitivo del mundo.<\/p>\n<p>Y vinieron a\u00f1os turbulentos. No le fue bien con los naranjeros y parti\u00f3 a Alemania con el Bayer Leverkusen, en donde no pudo ganarse un puesto. Todo parec\u00eda cuesta arriba hasta que pasaron tres cosas, todas juntas: el Mundial de Brasil 2014, primera competencia en la que jug\u00f3 como centrocampista (hab\u00eda sido volante, carrilero y lateral; siempre con la banda como zona delimitante), y un fichaje salvador por el PSV Eindhoven. Y hay que decirlo: el PSV es hist\u00f3rico y grande, pero no es un equipo millonario ni poderoso.<\/p>\n<p style=\"padding-left: 40px;\">Sin las presiones que se le adjudicaban cuando era joven, esas que versaban sobre llegar a un equipo &#8220;grande&#8221;, Guardado mostr\u00f3 lo mejor de su futbol. Fue campe\u00f3n en su primer a\u00f1o y se gan\u00f3 el coraz\u00f3n de la afici\u00f3n: le hicieron un mosaico con los colores de la bandera mexicana y le dedicaron un mensaje \u00fanico: <strong>&#8220;Andr\u00e9s Guardado, nuestra \u00e1guila de oro mexicana tiene que estar en el PSV Eindhoven. Nuestra casa es tu casa, Andr\u00e9s&#8221;<\/strong>.<\/p>\n<p>Era querido y admirado en Eindhoven, pero su gen competitivo lo llev\u00f3 al Betis en 2017, como una b\u00fasqueda de la mayor exigencia posible en el futbol espa\u00f1ol, en el que ten\u00eda una deuda pendiente tras la amargura de Valencia. Y la sald\u00f3 a lo grande: en seis a\u00f1os se ha convertido en figura y uno de los capitanes b\u00e9ticos. Todo coronado por la Copa del Rey ganada el a\u00f1o pasado. No ha ganado muchos t\u00edtulos, pero los pocos que tiene son de un valor enorme.<\/p>\n<p>Hugo S\u00e1nchez jug\u00f3 en el Madrid, Rafa M\u00e1rquez en el Barcelona y Chicharito en el Madrid y United. Todos ellos, equipos poderosos y millonarios. El podio de jugadores mexicanos en Europa es de esos tres. Pero <strong>ninguno puede presumir la longevidad de Guardado en el Viejo Continente: 16 a\u00f1os y contando en Europa (S\u00e1nchez jug\u00f3 trece a\u00f1os; M\u00e1rquez, doce; Hern\u00e1ndez, nueve)<\/strong>. Y ese es su mayor m\u00e9rito y por el que no deber\u00eda ser olvidado: demostrar que no hay que jugar en clubes todopoderosos de Europa para ganarse respeto y admiraci\u00f3n.<\/p>\n<p>Fuente: Yahoo Deportes \/ Omar Peralta<\/p>\n","protected":false},"excerpt":{"rendered":"<p>La era de Andr\u00e9s Guardado en la Selecci\u00f3n Mexicana lleg\u00f3 a su fin como un<\/p>\n","protected":false},"author":2,"featured_media":2185,"comment_status":"open","ping_status":"open","sticky":false,"template":"","format":"standard","meta":{"footnotes":""},"categories":[11],"tags":[1083,1082,334],"class_list":["post-2184","post","type-post","status-publish","format-standard","has-post-thumbnail","hentry","category-deportes","tag-andres-guardado","tag-la-era-de-andres-guardado-en-la-seleccion-mexicana-llego-a-su-fin","tag-seleccion-mexicana"],"jetpack_featured_media_url":"http:\/\/lared.news\/wp-content\/uploads\/2023\/05\/Andres-Guardado.jpg","_links":{"self":[{"href":"http:\/\/lared.news\/index.php\/wp-json\/wp\/v2\/posts\/2184","targetHints":{"allow":["GET"]}}],"collection":[{"href":"http:\/\/lared.news\/index.php\/wp-json\/wp\/v2\/posts"}],"about":[{"href":"http:\/\/lared.news\/index.php\/wp-json\/wp\/v2\/types\/post"}],"author":[{"embeddable":true,"href":"http:\/\/lared.news\/index.php\/wp-json\/wp\/v2\/users\/2"}],"replies":[{"embeddable":true,"href":"http:\/\/lared.news\/index.php\/wp-json\/wp\/v2\/comments?post=2184"}],"version-history":[{"count":2,"href":"http:\/\/lared.news\/index.php\/wp-json\/wp\/v2\/posts\/2184\/revisions"}],"predecessor-version":[{"id":2187,"href":"http:\/\/lared.news\/index.php\/wp-json\/wp\/v2\/posts\/2184\/revisions\/2187"}],"wp:featuredmedia":[{"embeddable":true,"href":"http:\/\/lared.news\/index.php\/wp-json\/wp\/v2\/media\/2185"}],"wp:attachment":[{"href":"http:\/\/lared.news\/index.php\/wp-json\/wp\/v2\/media?parent=2184"}],"wp:term":[{"taxonomy":"category","embeddable":true,"href":"http:\/\/lared.news\/index.php\/wp-json\/wp\/v2\/categories?post=2184"},{"taxonomy":"post_tag","embeddable":true,"href":"http:\/\/lared.news\/index.php\/wp-json\/wp\/v2\/tags?post=2184"}],"curies":[{"name":"wp","href":"https:\/\/api.w.org\/{rel}","templated":true}]}}