{"id":2196,"date":"2023-05-18T14:35:42","date_gmt":"2023-05-18T20:35:42","guid":{"rendered":"http:\/\/lared.news\/?p=2196"},"modified":"2023-05-18T14:35:42","modified_gmt":"2023-05-18T20:35:42","slug":"gobierno-de-atlixco-abre-convocatoria-para-la-primera-compania-de-danza-folclorica-de-casa-cultura","status":"publish","type":"post","link":"http:\/\/lared.news\/index.php\/2023\/05\/18\/gobierno-de-atlixco-abre-convocatoria-para-la-primera-compania-de-danza-folclorica-de-casa-cultura\/","title":{"rendered":"Gobierno de Atlixco abre convocatoria para la primera compa\u00f1\u00eda de danza folcl\u00f3rica de casa cultura"},"content":{"rendered":"<p>Atlixco, Puebla.- El Gobierno Municipal de Atlixco, encabezado por Ariadna Ayala, convoca a ser parte de <strong>la Primer Compa\u00f1\u00eda de Danza Folcl\u00f3rica de Casa de Cultura<\/strong>, a trav\u00e9s de ella, se impulsar\u00e1 el rescate, preservaci\u00f3n y difusi\u00f3n de la cultura mexicana, as\u00ed como del municipio mediante la danza y la m\u00fasica.<\/p>\n<blockquote><p>Como \u00fanico requisito, las y los interesados deber\u00e1n tener 7 a\u00f1os cumplidos y llamar al 244-445-5212 para inscribirse; las clases ser\u00e1n gratuitas los d\u00edas lunes, mi\u00e9rcoles y viernes de 17:00 a 19:00 horas, a partir del 22 de mayo en las instalaciones de Casa de Cultura Acapetlahuacan, ubicada en avenida del Trabajo #1301 colonia el Carmen.<\/p><\/blockquote>\n<p><strong>Las y los participantes deber\u00e1n presentarse con ropa c\u00f3moda, tenis y mujeres con cabello recogido en un chongo<\/strong>.<\/p>\n<p>Esta compa\u00f1\u00eda, ser\u00e1 dirigida por la maestra atlixquense, Karolina Morales Gonz\u00e1lez, y estar\u00e1 a cargo de la Casa de Cultura Acapetlahuacan, la cual se presentar\u00e1 en foros art\u00edsticos locales, adem\u00e1s de representar al municipio en diferentes comisiones a nivel nacional y en un futuro en escenarios internacionales.<\/p>\n","protected":false},"excerpt":{"rendered":"<p>Atlixco, Puebla.- El Gobierno Municipal de Atlixco, encabezado por Ariadna Ayala, convoca a ser parte<\/p>\n","protected":false},"author":2,"featured_media":2197,"comment_status":"open","ping_status":"open","sticky":false,"template":"","format":"standard","meta":{"footnotes":""},"categories":[5],"tags":[1088,222,223,1087,224],"class_list":["post-2196","post","type-post","status-publish","format-standard","has-post-thumbnail","hentry","category-atlixco","tag-acapetlahuacan","tag-atlixco","tag-atlixco-noticias","tag-casa-de-cultura-acapetlahuacan","tag-noticias-de-atlixco"],"jetpack_featured_media_url":"http:\/\/lared.news\/wp-content\/uploads\/2023\/05\/danza-folclorica.jpg","_links":{"self":[{"href":"http:\/\/lared.news\/index.php\/wp-json\/wp\/v2\/posts\/2196","targetHints":{"allow":["GET"]}}],"collection":[{"href":"http:\/\/lared.news\/index.php\/wp-json\/wp\/v2\/posts"}],"about":[{"href":"http:\/\/lared.news\/index.php\/wp-json\/wp\/v2\/types\/post"}],"author":[{"embeddable":true,"href":"http:\/\/lared.news\/index.php\/wp-json\/wp\/v2\/users\/2"}],"replies":[{"embeddable":true,"href":"http:\/\/lared.news\/index.php\/wp-json\/wp\/v2\/comments?post=2196"}],"version-history":[{"count":1,"href":"http:\/\/lared.news\/index.php\/wp-json\/wp\/v2\/posts\/2196\/revisions"}],"predecessor-version":[{"id":2198,"href":"http:\/\/lared.news\/index.php\/wp-json\/wp\/v2\/posts\/2196\/revisions\/2198"}],"wp:featuredmedia":[{"embeddable":true,"href":"http:\/\/lared.news\/index.php\/wp-json\/wp\/v2\/media\/2197"}],"wp:attachment":[{"href":"http:\/\/lared.news\/index.php\/wp-json\/wp\/v2\/media?parent=2196"}],"wp:term":[{"taxonomy":"category","embeddable":true,"href":"http:\/\/lared.news\/index.php\/wp-json\/wp\/v2\/categories?post=2196"},{"taxonomy":"post_tag","embeddable":true,"href":"http:\/\/lared.news\/index.php\/wp-json\/wp\/v2\/tags?post=2196"}],"curies":[{"name":"wp","href":"https:\/\/api.w.org\/{rel}","templated":true}]}}