{"id":2358,"date":"2023-08-22T18:16:13","date_gmt":"2023-08-23T00:16:13","guid":{"rendered":"http:\/\/lared.news\/?p=2358"},"modified":"2023-09-10T18:21:27","modified_gmt":"2023-09-11T00:21:27","slug":"ayuntaminto-de-atlixco-entrega-kits-escolares-en-apoyo-a-la-economia-de-las-familias","status":"publish","type":"post","link":"http:\/\/lared.news\/index.php\/2023\/08\/22\/ayuntaminto-de-atlixco-entrega-kits-escolares-en-apoyo-a-la-economia-de-las-familias\/","title":{"rendered":"Ayuntamiento de Atlixco entrega kits escolares en apoyo a la econom\u00eda de las familias"},"content":{"rendered":"<p>Atlixco, Puebla.- Reafirmando su compromiso con la educaci\u00f3n y en apoyo a la econom\u00eda de las familias atlixquenses, por segundo a\u00f1o, la presidenta municipal de Atlixco, Ariadna Ayala entreg\u00f3 kits escolares a estudiantes de nivel b\u00e1sico de instituciones p\u00fablicas.<\/p>\n<p>Con una inversi\u00f3n de recursos propios, los beneficiados recibieron una mochila que al interior conten\u00eda libretas, colores, juegos geom\u00e9tricos y herramientas funcionales para el desarrollo de sus actividades durante el pr\u00f3ximo ciclo escolar que est\u00e1 por iniciar.<\/p>\n<p>Al respecto, la edil destac\u00f3 que este programa se trabaj\u00f3 bajo un an\u00e1lisis socioecon\u00f3mico para atender las zonas con mayor vulnerabilidad y respaldar la econom\u00eda de las familias atlixquenses, adem\u00e1s, con el objeto de reducir el rezago educativo, se plantea ampliar las zonas de atenci\u00f3n; \u201cal ver sus caras de entusiasmo, me queda claro, la educaci\u00f3n siempre ser\u00e1 la mejor inversi\u00f3n y esta lucha social, respalda a todos los sectores, pues adem\u00e1s de apoyar la econom\u00eda de las y los atlixquenses, impulsamos a los peque\u00f1os a seguir desarrollando sus conocimientos\u201d, expres\u00f3 Ariadna Ayala.<\/p>\n","protected":false},"excerpt":{"rendered":"<p>Atlixco, Puebla.- Reafirmando su compromiso con la educaci\u00f3n y en apoyo a la econom\u00eda de<\/p>\n","protected":false},"author":2,"featured_media":2359,"comment_status":"open","ping_status":"open","sticky":false,"template":"","format":"standard","meta":{"footnotes":""},"categories":[5],"tags":[251,222,223,472,224],"class_list":["post-2358","post","type-post","status-publish","format-standard","has-post-thumbnail","hentry","category-atlixco","tag-ariadna-ayala","tag-atlixco","tag-atlixco-noticias","tag-escuelas-de-atlixco","tag-noticias-de-atlixco"],"jetpack_featured_media_url":"http:\/\/lared.news\/wp-content\/uploads\/2023\/09\/kits-escolares.jpg","_links":{"self":[{"href":"http:\/\/lared.news\/index.php\/wp-json\/wp\/v2\/posts\/2358","targetHints":{"allow":["GET"]}}],"collection":[{"href":"http:\/\/lared.news\/index.php\/wp-json\/wp\/v2\/posts"}],"about":[{"href":"http:\/\/lared.news\/index.php\/wp-json\/wp\/v2\/types\/post"}],"author":[{"embeddable":true,"href":"http:\/\/lared.news\/index.php\/wp-json\/wp\/v2\/users\/2"}],"replies":[{"embeddable":true,"href":"http:\/\/lared.news\/index.php\/wp-json\/wp\/v2\/comments?post=2358"}],"version-history":[{"count":2,"href":"http:\/\/lared.news\/index.php\/wp-json\/wp\/v2\/posts\/2358\/revisions"}],"predecessor-version":[{"id":2361,"href":"http:\/\/lared.news\/index.php\/wp-json\/wp\/v2\/posts\/2358\/revisions\/2361"}],"wp:featuredmedia":[{"embeddable":true,"href":"http:\/\/lared.news\/index.php\/wp-json\/wp\/v2\/media\/2359"}],"wp:attachment":[{"href":"http:\/\/lared.news\/index.php\/wp-json\/wp\/v2\/media?parent=2358"}],"wp:term":[{"taxonomy":"category","embeddable":true,"href":"http:\/\/lared.news\/index.php\/wp-json\/wp\/v2\/categories?post=2358"},{"taxonomy":"post_tag","embeddable":true,"href":"http:\/\/lared.news\/index.php\/wp-json\/wp\/v2\/tags?post=2358"}],"curies":[{"name":"wp","href":"https:\/\/api.w.org\/{rel}","templated":true}]}}