{"id":2436,"date":"2024-01-09T15:20:38","date_gmt":"2024-01-09T21:20:38","guid":{"rendered":"http:\/\/lared.news\/?p=2436"},"modified":"2024-02-19T21:24:00","modified_gmt":"2024-02-20T03:24:00","slug":"ariadna-ayala-recibe-a-sergio-salomon-cespedes-para-supervisar-obras-en-el-municipio-de-atlixco","status":"publish","type":"post","link":"http:\/\/lared.news\/index.php\/2024\/01\/09\/ariadna-ayala-recibe-a-sergio-salomon-cespedes-para-supervisar-obras-en-el-municipio-de-atlixco\/","title":{"rendered":"ARIADNA AYALA RECIBE A SERGIO SALOM\u00d3N C\u00c9SPEDES PARA SUPERVISAR OBRAS EN EL MUNICIPIO DE ATLIXCO"},"content":{"rendered":"<p style=\"font-weight: 400;\">-Adem\u00e1s, se entregaron Apoyos para el Bienestar a familias atlixquenses, as\u00ed como obra h\u00eddrica y de espacios educativos.<\/p>\n<p style=\"font-weight: 400;\">La presidenta municipal de Atlixco, Ariadna Ayala, recibi\u00f3 al gobernador del estado de Puebla, Sergio Salom\u00f3n C\u00e9spedes para supervisar los trabajos de rehabilitaci\u00f3n del boulevard Ni\u00f1os H\u00e9roes, mismos que se realizan en coordinaci\u00f3n con el organismo estatal.<\/p>\n<p style=\"font-weight: 400;\">Este proyecto, adem\u00e1s de rehabilitar la vialidad con carpeta asf\u00e1ltica, mejorar\u00e1 la conducci\u00f3n de agua potable con nuevas l\u00edneas de distribuci\u00f3n, nuevas l\u00edneas de alcantarillado sanitario, adem\u00e1s de realizar la construcci\u00f3n de guarniciones y banquetas.<\/p>\n<p style=\"font-weight: 400;\">Al respecto, la mun\u00edcipe destac\u00f3 que, gracias al apoyo decidido que siempre ha demostrado el gobierno del estado, Atlixco contar\u00e1 con 2 v\u00e9rtices importantes de comunicaci\u00f3n rehabilitadas, el boulevard Ni\u00f1os H\u00e9roes y Sor Juana In\u00e9s de la Cruz, acciones que permiten el desarrollo urbano y econ\u00f3mico del municipio, con la llegada de turismo. De igual forma agradeci\u00f3 al mandatario estatal su sensibilidad al ser un gobierno presente con apoyos para el bienestar que dignifican y transforman la vida de las y los atlixquenses.<\/p>\n<p style=\"font-weight: 400;\">Por su parte, Salom\u00f3n C\u00e9spedes reconoci\u00f3 la gran labor y calidad humana de la edil atlixquense, quien adem\u00e1s de ser trabajadora y con conocimiento, es una mujer comprometida con su pueblo, &#8220;es lo que requiere la 4T\u201d, afirm\u00f3.<\/p>\n<p style=\"font-weight: 400;\">Otras de las acciones realizadas a trav\u00e9s de la Secretar\u00eda del Bienestar del Estado, encabezada por Elsa Ruiz Betanzos en coordinaci\u00f3n con el municipio, fue la entrega de 300 calentadores solares para el mismo n\u00famero de familias, adem\u00e1s de beneficiar a 2 mil ciudadanos mediante el Programa Integral en su vertiente Producto L\u00e1cteo, 42 beneficiarios m\u00e1s del Programa Integral de M\u00f3dulos Alimentarios y 60 del Programa M\u00f3dulos Av\u00edcolas Familiares.<\/p>\n<p style=\"font-weight: 400;\">Mientras que para el sector educativo, se realiz\u00f3 la entrega de 5 constancias de Construcci\u00f3n y Rehabilitaci\u00f3n a beneficio de las siguientes instituciones: Escuela Secundaria T\u00e9cnica #104, Batall\u00f3n Libres de Atlixco; Bachillerato L\u00e1zaro C\u00e1rdenas, ubicado en la colonia El Le\u00f3n; Primaria Centro Obrero Federal; Bachillerato Ignacio Ram\u00edrez Calzada y Primaria Belisario Dom\u00ednguez de la junta auxiliar de Metepec, adem\u00e1s de la condonaci\u00f3n de pago para el registro de bienes de ejidatarios de la colonia Agr\u00edcola Ocotepec.<\/p>\n","protected":false},"excerpt":{"rendered":"<p>-Adem\u00e1s, se entregaron Apoyos para el Bienestar a familias atlixquenses, as\u00ed como obra h\u00eddrica y<\/p>\n","protected":false},"author":2,"featured_media":2437,"comment_status":"open","ping_status":"open","sticky":false,"template":"","format":"standard","meta":{"footnotes":""},"categories":[5],"tags":[251,222,1200,1201],"class_list":["post-2436","post","type-post","status-publish","format-standard","has-post-thumbnail","hentry","category-atlixco","tag-ariadna-ayala","tag-atlixco","tag-ergio-salomon-cespedes","tag-gobernador-del-estado-de-puebla"],"jetpack_featured_media_url":"http:\/\/lared.news\/wp-content\/uploads\/2024\/02\/NH2.jpg","_links":{"self":[{"href":"http:\/\/lared.news\/index.php\/wp-json\/wp\/v2\/posts\/2436","targetHints":{"allow":["GET"]}}],"collection":[{"href":"http:\/\/lared.news\/index.php\/wp-json\/wp\/v2\/posts"}],"about":[{"href":"http:\/\/lared.news\/index.php\/wp-json\/wp\/v2\/types\/post"}],"author":[{"embeddable":true,"href":"http:\/\/lared.news\/index.php\/wp-json\/wp\/v2\/users\/2"}],"replies":[{"embeddable":true,"href":"http:\/\/lared.news\/index.php\/wp-json\/wp\/v2\/comments?post=2436"}],"version-history":[{"count":1,"href":"http:\/\/lared.news\/index.php\/wp-json\/wp\/v2\/posts\/2436\/revisions"}],"predecessor-version":[{"id":2438,"href":"http:\/\/lared.news\/index.php\/wp-json\/wp\/v2\/posts\/2436\/revisions\/2438"}],"wp:featuredmedia":[{"embeddable":true,"href":"http:\/\/lared.news\/index.php\/wp-json\/wp\/v2\/media\/2437"}],"wp:attachment":[{"href":"http:\/\/lared.news\/index.php\/wp-json\/wp\/v2\/media?parent=2436"}],"wp:term":[{"taxonomy":"category","embeddable":true,"href":"http:\/\/lared.news\/index.php\/wp-json\/wp\/v2\/categories?post=2436"},{"taxonomy":"post_tag","embeddable":true,"href":"http:\/\/lared.news\/index.php\/wp-json\/wp\/v2\/tags?post=2436"}],"curies":[{"name":"wp","href":"https:\/\/api.w.org\/{rel}","templated":true}]}}