{"id":2464,"date":"2024-04-03T22:13:35","date_gmt":"2024-04-04T04:13:35","guid":{"rendered":"http:\/\/lared.news\/?p=2464"},"modified":"2024-04-03T22:13:35","modified_gmt":"2024-04-04T04:13:35","slug":"ariadna-ayala-candidata-a-presidenta-de-atlixco-visita-colonias-de-este-municipio","status":"publish","type":"post","link":"http:\/\/lared.news\/index.php\/2024\/04\/03\/ariadna-ayala-candidata-a-presidenta-de-atlixco-visita-colonias-de-este-municipio\/","title":{"rendered":"Ariadna Ayala, candidata a presidenta de Atlixco, visita colonias de este municipio"},"content":{"rendered":"<p>Atlixco, Puebla.- Ariadna Ayala, candidata a presidenta de Atlixco por Morena, PT y Fuerza Por M\u00e9xico, estuvo tocando casa por casa en las colonias Los Molinos, Emiliano Zapata, Tehuixpango y Ricardo Flores Mag\u00f3n, donde las y los vecinos la recibieron con afecto y escucharon las m\u00e1s de 40 propuestas de diferentes rubros que consolidar\u00e1n la transformaci\u00f3n en Atlixco.<\/p>\n<p>Para cerrar el d\u00eda, Ariadna Ayala fue invitada por la candidata a diputada local por el distrito 21, Ana Laura Altamirano, a su arranque de campa\u00f1a.<\/p>\n","protected":false},"excerpt":{"rendered":"<p>Atlixco, Puebla.- Ariadna Ayala, candidata a presidenta de Atlixco por Morena, PT y Fuerza Por<\/p>\n","protected":false},"author":2,"featured_media":2465,"comment_status":"open","ping_status":"open","sticky":false,"template":"","format":"standard","meta":{"footnotes":""},"categories":[5],"tags":[251,222,1215],"class_list":["post-2464","post","type-post","status-publish","format-standard","has-post-thumbnail","hentry","category-atlixco","tag-ariadna-ayala","tag-atlixco","tag-presidenta-de-atlixco"],"jetpack_featured_media_url":"http:\/\/lared.news\/wp-content\/uploads\/2024\/04\/colonias-de-atlixco.jpg","_links":{"self":[{"href":"http:\/\/lared.news\/index.php\/wp-json\/wp\/v2\/posts\/2464","targetHints":{"allow":["GET"]}}],"collection":[{"href":"http:\/\/lared.news\/index.php\/wp-json\/wp\/v2\/posts"}],"about":[{"href":"http:\/\/lared.news\/index.php\/wp-json\/wp\/v2\/types\/post"}],"author":[{"embeddable":true,"href":"http:\/\/lared.news\/index.php\/wp-json\/wp\/v2\/users\/2"}],"replies":[{"embeddable":true,"href":"http:\/\/lared.news\/index.php\/wp-json\/wp\/v2\/comments?post=2464"}],"version-history":[{"count":1,"href":"http:\/\/lared.news\/index.php\/wp-json\/wp\/v2\/posts\/2464\/revisions"}],"predecessor-version":[{"id":2466,"href":"http:\/\/lared.news\/index.php\/wp-json\/wp\/v2\/posts\/2464\/revisions\/2466"}],"wp:featuredmedia":[{"embeddable":true,"href":"http:\/\/lared.news\/index.php\/wp-json\/wp\/v2\/media\/2465"}],"wp:attachment":[{"href":"http:\/\/lared.news\/index.php\/wp-json\/wp\/v2\/media?parent=2464"}],"wp:term":[{"taxonomy":"category","embeddable":true,"href":"http:\/\/lared.news\/index.php\/wp-json\/wp\/v2\/categories?post=2464"},{"taxonomy":"post_tag","embeddable":true,"href":"http:\/\/lared.news\/index.php\/wp-json\/wp\/v2\/tags?post=2464"}],"curies":[{"name":"wp","href":"https:\/\/api.w.org\/{rel}","templated":true}]}}