{"id":2515,"date":"2024-04-17T11:38:21","date_gmt":"2024-04-17T17:38:21","guid":{"rendered":"http:\/\/lared.news\/?p=2515"},"modified":"2024-04-17T11:38:21","modified_gmt":"2024-04-17T17:38:21","slug":"alberca-y-mirador-son-extravagancias-de-un-gobierno-insensato-minutti","status":"publish","type":"post","link":"http:\/\/lared.news\/index.php\/2024\/04\/17\/alberca-y-mirador-son-extravagancias-de-un-gobierno-insensato-minutti\/","title":{"rendered":"Alberca y mirador son extravagancias de un gobierno insensato: Minutti"},"content":{"rendered":"<p>Atlixco, Puebla.- <strong>Benjam\u00edn Minutti, candidato ciudadano a la presidencia municipal, fue recibido con mucho entusiasmo por los habitantes de San Pedro Benito Ju\u00e1rez<\/strong>, quienes le manifestaron su apoyo total para obtener el triunfo en la elecci\u00f3n del pr\u00f3ximo 2 de junio.<\/p>\n<p><strong>Los habitantes de esta junta auxiliar se dijeron decepcionados de Ariadna Ayala pues hace tres a\u00f1os les prometi\u00f3 apoyo para la reconstrucci\u00f3n de la iglesia afectada por el sismo de 2017<\/strong>, sin embargo durante sus tres a\u00f1os de gobierno se neg\u00f3 a cumplir este compromiso.<\/p>\n<blockquote><p>\u201cEntiendo su molestia con los pol\u00edticos de siempre. Los que buscan la reelecci\u00f3n encabezan un gobierno insensato que prefiere gastarse el dinero p\u00fablico en extravagancias como albercas y miradores mientras ignoran las necesidades que hay en el resto del municipio\u201d, afirm\u00f3 el abanderado del PAN y PRD.<\/p><\/blockquote>\n<p>Por otro lado, los habitantes de esta junta auxiliar cuestionaron al candidato sobre la supuesta intensi\u00f3n de entubar los manantiales que abastecen de agua este regi\u00f3n, a lo que contest\u00f3:<\/p>\n<p>\u201cEso es totalmente falso. Los manantiales de San Pedro son y ser\u00e1n siempre para el uso y goce de los habitantes de San Pedro. Lo que vamos a hacer es cuidarlos, mantenerlos limpios y reforestar las \u00e1reas aleda\u00f1as para que siga brotando el l\u00edquido que mantiene con vida las cosechas, los animales y a nuestras familias\u201d, concluy\u00f3.<\/p>\n","protected":false},"excerpt":{"rendered":"<p>Atlixco, Puebla.- Benjam\u00edn Minutti, candidato ciudadano a la presidencia municipal, fue recibido con mucho entusiasmo<\/p>\n","protected":false},"author":2,"featured_media":2516,"comment_status":"open","ping_status":"open","sticky":false,"template":"","format":"standard","meta":{"footnotes":""},"categories":[5],"tags":[251,222,223,1216,224,1223,1245],"class_list":["post-2515","post","type-post","status-publish","format-standard","has-post-thumbnail","hentry","category-atlixco","tag-ariadna-ayala","tag-atlixco","tag-atlixco-noticias","tag-benjamin-minutti","tag-noticias-de-atlixco","tag-noticias-de-atlixco-hoy","tag-san-pedro-benito-juarez"],"jetpack_featured_media_url":"http:\/\/lared.news\/wp-content\/uploads\/2024\/04\/atlixco.jpg","_links":{"self":[{"href":"http:\/\/lared.news\/index.php\/wp-json\/wp\/v2\/posts\/2515","targetHints":{"allow":["GET"]}}],"collection":[{"href":"http:\/\/lared.news\/index.php\/wp-json\/wp\/v2\/posts"}],"about":[{"href":"http:\/\/lared.news\/index.php\/wp-json\/wp\/v2\/types\/post"}],"author":[{"embeddable":true,"href":"http:\/\/lared.news\/index.php\/wp-json\/wp\/v2\/users\/2"}],"replies":[{"embeddable":true,"href":"http:\/\/lared.news\/index.php\/wp-json\/wp\/v2\/comments?post=2515"}],"version-history":[{"count":1,"href":"http:\/\/lared.news\/index.php\/wp-json\/wp\/v2\/posts\/2515\/revisions"}],"predecessor-version":[{"id":2517,"href":"http:\/\/lared.news\/index.php\/wp-json\/wp\/v2\/posts\/2515\/revisions\/2517"}],"wp:featuredmedia":[{"embeddable":true,"href":"http:\/\/lared.news\/index.php\/wp-json\/wp\/v2\/media\/2516"}],"wp:attachment":[{"href":"http:\/\/lared.news\/index.php\/wp-json\/wp\/v2\/media?parent=2515"}],"wp:term":[{"taxonomy":"category","embeddable":true,"href":"http:\/\/lared.news\/index.php\/wp-json\/wp\/v2\/categories?post=2515"},{"taxonomy":"post_tag","embeddable":true,"href":"http:\/\/lared.news\/index.php\/wp-json\/wp\/v2\/tags?post=2515"}],"curies":[{"name":"wp","href":"https:\/\/api.w.org\/{rel}","templated":true}]}}