{"id":2562,"date":"2024-04-24T16:30:58","date_gmt":"2024-04-24T22:30:58","guid":{"rendered":"http:\/\/lared.news\/?p=2562"},"modified":"2024-04-24T16:30:58","modified_gmt":"2024-04-24T22:30:58","slug":"ariadna-ayala-reafirma-su-compromiso-en-materia-del-turismo-y-desarrollo-economico-en-atlixco","status":"publish","type":"post","link":"http:\/\/lared.news\/index.php\/2024\/04\/24\/ariadna-ayala-reafirma-su-compromiso-en-materia-del-turismo-y-desarrollo-economico-en-atlixco\/","title":{"rendered":"Ariadna Ayala, reafirma su compromiso en materia del turismo y desarrollo econ\u00f3mico en Atlixco"},"content":{"rendered":"<p>Atlixco, Puebla.- En una reuni\u00f3n con representantes de la industria tur\u00edstica y econ\u00f3mica de Atlixco,\u00a0 <strong>Ariadna Ayala candidata de Morena, PT y Fuerza por M\u00e9xico a la presidencia de Atlixco, reafirm\u00f3 su compromiso de seguir fortaleciendo el turismo y el desarrollo econ\u00f3mico en la regi\u00f3n<\/strong>.<\/p>\n<blockquote><p>Con la presencia de hoteleros, restauranteros, viveristas, comerciantes y artesanos, Ariadna Ayala destac\u00f3 la importancia de trabajar de la mano con todos los actores involucrados para potenciar el crecimiento sostenible del turismo en Atlixco.<\/p><\/blockquote>\n<p>Durante la reuni\u00f3n, Ayala comparti\u00f3 estrategias y proyectos destinados a mejorar la infraestructura tur\u00edstica, promover eventos culturales y gastron\u00f3micos, as\u00ed como a impulsar programas de capacitaci\u00f3n y apoyo para los emprendedores locales.<\/p>\n","protected":false},"excerpt":{"rendered":"<p>Atlixco, Puebla.- En una reuni\u00f3n con representantes de la industria tur\u00edstica y econ\u00f3mica de Atlixco,\u00a0<\/p>\n","protected":false},"author":2,"featured_media":2563,"comment_status":"open","ping_status":"open","sticky":false,"template":"","format":"standard","meta":{"footnotes":""},"categories":[5],"tags":[251,1270,222,223,1269,224,1271],"class_list":["post-2562","post","type-post","status-publish","format-standard","has-post-thumbnail","hentry","category-atlixco","tag-ariadna-ayala","tag-ariadna-ayala-candidata-de-morena","tag-atlixco","tag-atlixco-noticias","tag-desarrollo-economico-en-atlixco","tag-noticias-de-atlixco","tag-pt-y-fuerza-por-mexico"],"jetpack_featured_media_url":"http:\/\/lared.news\/wp-content\/uploads\/2024\/04\/viveristas-atlixco.jpg","_links":{"self":[{"href":"http:\/\/lared.news\/index.php\/wp-json\/wp\/v2\/posts\/2562","targetHints":{"allow":["GET"]}}],"collection":[{"href":"http:\/\/lared.news\/index.php\/wp-json\/wp\/v2\/posts"}],"about":[{"href":"http:\/\/lared.news\/index.php\/wp-json\/wp\/v2\/types\/post"}],"author":[{"embeddable":true,"href":"http:\/\/lared.news\/index.php\/wp-json\/wp\/v2\/users\/2"}],"replies":[{"embeddable":true,"href":"http:\/\/lared.news\/index.php\/wp-json\/wp\/v2\/comments?post=2562"}],"version-history":[{"count":1,"href":"http:\/\/lared.news\/index.php\/wp-json\/wp\/v2\/posts\/2562\/revisions"}],"predecessor-version":[{"id":2564,"href":"http:\/\/lared.news\/index.php\/wp-json\/wp\/v2\/posts\/2562\/revisions\/2564"}],"wp:featuredmedia":[{"embeddable":true,"href":"http:\/\/lared.news\/index.php\/wp-json\/wp\/v2\/media\/2563"}],"wp:attachment":[{"href":"http:\/\/lared.news\/index.php\/wp-json\/wp\/v2\/media?parent=2562"}],"wp:term":[{"taxonomy":"category","embeddable":true,"href":"http:\/\/lared.news\/index.php\/wp-json\/wp\/v2\/categories?post=2562"},{"taxonomy":"post_tag","embeddable":true,"href":"http:\/\/lared.news\/index.php\/wp-json\/wp\/v2\/tags?post=2562"}],"curies":[{"name":"wp","href":"https:\/\/api.w.org\/{rel}","templated":true}]}}