{"id":2573,"date":"2024-04-27T15:14:48","date_gmt":"2024-04-27T21:14:48","guid":{"rendered":"http:\/\/lared.news\/?p=2573"},"modified":"2024-04-27T15:14:48","modified_gmt":"2024-04-27T21:14:48","slug":"exigimos-a-ariadna-que-cumpla-su-palabra-y-abandone-su-intento-de-reeleccion-minutti","status":"publish","type":"post","link":"http:\/\/lared.news\/index.php\/2024\/04\/27\/exigimos-a-ariadna-que-cumpla-su-palabra-y-abandone-su-intento-de-reeleccion-minutti\/","title":{"rendered":"Exigimos a Ariadna que cumpla su palabra y abandone su intento de reelecci\u00f3n: Minutti"},"content":{"rendered":"<p>Atlixco, Puebla.- Benjam\u00edn Minutti, candidato a la presidencia municipal, recorri\u00f3 algunas calles de la colonia Ricardo Trevi\u00f1o donde el \u00e1nimo de los ciudadanos es de total rechazo a la reelecci\u00f3n.<\/p>\n<p>Al pie de las escaleras anchas, el abanderado del PAN y PRD envi\u00f3 un poderoso mensaje a Ariadna Ayala :<\/p>\n<blockquote><p>\u201cHoy estamos en el mismo lugar donde hace tres a\u00f1os la hoy presidenta municipal con licencia dijo claramente y con mucha fuerza,\u201dsufragio efectivo, no reelecci\u00f3n\u201d. Desde aqu\u00ed le exigimos que cumpla su palabra y que deje el paso libre para quienes s\u00ed queremos trabajar por Atlixco\u201d.<\/p><\/blockquote>\n<p>A lo largo de su campa\u00f1a, Benjam\u00edn Minutti ha exhibido en reiteradas ocasiones la mala calidad en las obras ejecutadas durante el actual gobierno en contraste con el elevado costo de las mismas, por lo que ha se\u00f1alado como \u201cinmoral\u201d que una gesti\u00f3n con estas caracter\u00edsticas intente permanecer al frente del ayuntamiento otros tres a\u00f1os.<\/p>\n","protected":false},"excerpt":{"rendered":"<p>Atlixco, Puebla.- Benjam\u00edn Minutti, candidato a la presidencia municipal, recorri\u00f3 algunas calles de la colonia<\/p>\n","protected":false},"author":2,"featured_media":2574,"comment_status":"open","ping_status":"open","sticky":false,"template":"","format":"standard","meta":{"footnotes":""},"categories":[5],"tags":[251,1216,1274],"class_list":["post-2573","post","type-post","status-publish","format-standard","has-post-thumbnail","hentry","category-atlixco","tag-ariadna-ayala","tag-benjamin-minutti","tag-colonia-ricardo-trevino"],"jetpack_featured_media_url":"http:\/\/lared.news\/wp-content\/uploads\/2024\/04\/atlixco_.jpg","_links":{"self":[{"href":"http:\/\/lared.news\/index.php\/wp-json\/wp\/v2\/posts\/2573","targetHints":{"allow":["GET"]}}],"collection":[{"href":"http:\/\/lared.news\/index.php\/wp-json\/wp\/v2\/posts"}],"about":[{"href":"http:\/\/lared.news\/index.php\/wp-json\/wp\/v2\/types\/post"}],"author":[{"embeddable":true,"href":"http:\/\/lared.news\/index.php\/wp-json\/wp\/v2\/users\/2"}],"replies":[{"embeddable":true,"href":"http:\/\/lared.news\/index.php\/wp-json\/wp\/v2\/comments?post=2573"}],"version-history":[{"count":1,"href":"http:\/\/lared.news\/index.php\/wp-json\/wp\/v2\/posts\/2573\/revisions"}],"predecessor-version":[{"id":2575,"href":"http:\/\/lared.news\/index.php\/wp-json\/wp\/v2\/posts\/2573\/revisions\/2575"}],"wp:featuredmedia":[{"embeddable":true,"href":"http:\/\/lared.news\/index.php\/wp-json\/wp\/v2\/media\/2574"}],"wp:attachment":[{"href":"http:\/\/lared.news\/index.php\/wp-json\/wp\/v2\/media?parent=2573"}],"wp:term":[{"taxonomy":"category","embeddable":true,"href":"http:\/\/lared.news\/index.php\/wp-json\/wp\/v2\/categories?post=2573"},{"taxonomy":"post_tag","embeddable":true,"href":"http:\/\/lared.news\/index.php\/wp-json\/wp\/v2\/tags?post=2573"}],"curies":[{"name":"wp","href":"https:\/\/api.w.org\/{rel}","templated":true}]}}