{"id":2579,"date":"2024-04-27T15:28:25","date_gmt":"2024-04-27T21:28:25","guid":{"rendered":"http:\/\/lared.news\/?p=2579"},"modified":"2024-04-27T15:36:31","modified_gmt":"2024-04-27T21:36:31","slug":"ariadna-ayala-permitio-la-entrada-de-comerciantes-que-no-son-de-la-zona-y-eleazar-perez-comprometio-a-que-el-solo-se-permita-la-instalacion-de-comerciantes-de-la-region-de-atlixco","status":"publish","type":"post","link":"http:\/\/lared.news\/index.php\/2024\/04\/27\/ariadna-ayala-permitio-la-entrada-de-comerciantes-que-no-son-de-la-zona-y-eleazar-perez-comprometio-a-que-el-solo-se-permita-la-instalacion-de-comerciantes-de-la-region-de-atlixco\/","title":{"rendered":"Ariadna Ayala permiti\u00f3 la entrada de comerciantes que no son de la zona y Eleazar P\u00e9rez comprometi\u00f3 a que el solo se permita la instalaci\u00f3n de comerciantes de la regi\u00f3n de Atlixco"},"content":{"rendered":"<p>Atlixco, Puebla.- Comerciantes de la Plazuela del Productor &#8220;Santa Rita&#8221;, dieron a conocer que son objeto de malos tratos por parte del personal del Ayuntamiento, principalmente del administrador del lugar.<\/p>\n<blockquote><p>&#8220;Ya estamos hartos de la situaci\u00f3n, aqu\u00ed traen a vendedores de municipios lejanos, que no son de la regi\u00f3n y nos hacen competencia desleal, adem\u00e1s de que no tenemos servicio digno de sanitarios y las instalaciones no tienen mantenimiento, definitivamente la presidenta solo nos ha causado malos tratos y p\u00e9simas condiciones&#8221;, se\u00f1al\u00f3 uno de los productores afectados.<\/p><\/blockquote>\n","protected":false},"excerpt":{"rendered":"<p>Atlixco, Puebla.- Comerciantes de la Plazuela del Productor &#8220;Santa Rita&#8221;, dieron a conocer que son<\/p>\n","protected":false},"author":2,"featured_media":2580,"comment_status":"open","ping_status":"open","sticky":false,"template":"","format":"standard","meta":{"footnotes":""},"categories":[5],"tags":[251,222,223,1237,224,465],"class_list":["post-2579","post","type-post","status-publish","format-standard","has-post-thumbnail","hentry","category-atlixco","tag-ariadna-ayala","tag-atlixco","tag-atlixco-noticias","tag-eleazar-perez","tag-noticias-de-atlixco","tag-plazuela-del-productor-santa-rita"],"jetpack_featured_media_url":"http:\/\/lared.news\/wp-content\/uploads\/2024\/04\/santa-rita.jpg","_links":{"self":[{"href":"http:\/\/lared.news\/index.php\/wp-json\/wp\/v2\/posts\/2579","targetHints":{"allow":["GET"]}}],"collection":[{"href":"http:\/\/lared.news\/index.php\/wp-json\/wp\/v2\/posts"}],"about":[{"href":"http:\/\/lared.news\/index.php\/wp-json\/wp\/v2\/types\/post"}],"author":[{"embeddable":true,"href":"http:\/\/lared.news\/index.php\/wp-json\/wp\/v2\/users\/2"}],"replies":[{"embeddable":true,"href":"http:\/\/lared.news\/index.php\/wp-json\/wp\/v2\/comments?post=2579"}],"version-history":[{"count":3,"href":"http:\/\/lared.news\/index.php\/wp-json\/wp\/v2\/posts\/2579\/revisions"}],"predecessor-version":[{"id":2583,"href":"http:\/\/lared.news\/index.php\/wp-json\/wp\/v2\/posts\/2579\/revisions\/2583"}],"wp:featuredmedia":[{"embeddable":true,"href":"http:\/\/lared.news\/index.php\/wp-json\/wp\/v2\/media\/2580"}],"wp:attachment":[{"href":"http:\/\/lared.news\/index.php\/wp-json\/wp\/v2\/media?parent=2579"}],"wp:term":[{"taxonomy":"category","embeddable":true,"href":"http:\/\/lared.news\/index.php\/wp-json\/wp\/v2\/categories?post=2579"},{"taxonomy":"post_tag","embeddable":true,"href":"http:\/\/lared.news\/index.php\/wp-json\/wp\/v2\/tags?post=2579"}],"curies":[{"name":"wp","href":"https:\/\/api.w.org\/{rel}","templated":true}]}}