{"id":2594,"date":"2024-05-02T18:55:32","date_gmt":"2024-05-03T00:55:32","guid":{"rendered":"http:\/\/lared.news\/?p=2594"},"modified":"2024-05-02T18:55:32","modified_gmt":"2024-05-03T00:55:32","slug":"ariadna-ayala-recibe-apoyo-de-empresarios-atlixquenses","status":"publish","type":"post","link":"http:\/\/lared.news\/index.php\/2024\/05\/02\/ariadna-ayala-recibe-apoyo-de-empresarios-atlixquenses\/","title":{"rendered":"Ariadna Ayala recibe apoyo de empresarios atlixquenses"},"content":{"rendered":"<p>Atlixco, Puebla.- La candidata de Morena, PT y Fuerza por M\u00e9xico sigue sumando a personas de diferentes sectores al proyecto que encabeza rumbo a la presidencia municipal de Atlixco.<\/p>\n<blockquote><p>Ariadna Ayala fue invitada por empresarios atlixquenses, quienes escucharon sus propuestas y la respaldaron, asegurando que con ella se lograr\u00e1 consolidar <strong>el proyecto de naci\u00f3n en Atlixco as\u00ed como el segundo piso de la Cuarta Transformaci\u00f3n<\/strong>.<\/p><\/blockquote>\n<p>Los empresarios manifestaron su respaldo por Ariadna Ayala, mencionando que al ver el gran trabajo desempe\u00f1ado, cuenta con ellos para reelegirse como presidenta municipal, pues <strong>es una MUJER DE RESULTADOS<\/strong>.<\/p>\n","protected":false},"excerpt":{"rendered":"<p>Atlixco, Puebla.- La candidata de Morena, PT y Fuerza por M\u00e9xico sigue sumando a personas<\/p>\n","protected":false},"author":2,"featured_media":2595,"comment_status":"open","ping_status":"open","sticky":false,"template":"","format":"standard","meta":{"footnotes":""},"categories":[5],"tags":[251,222,223,224],"class_list":["post-2594","post","type-post","status-publish","format-standard","has-post-thumbnail","hentry","category-atlixco","tag-ariadna-ayala","tag-atlixco","tag-atlixco-noticias","tag-noticias-de-atlixco"],"jetpack_featured_media_url":"http:\/\/lared.news\/wp-content\/uploads\/2024\/05\/empresarios-atlixco.jpg","_links":{"self":[{"href":"http:\/\/lared.news\/index.php\/wp-json\/wp\/v2\/posts\/2594","targetHints":{"allow":["GET"]}}],"collection":[{"href":"http:\/\/lared.news\/index.php\/wp-json\/wp\/v2\/posts"}],"about":[{"href":"http:\/\/lared.news\/index.php\/wp-json\/wp\/v2\/types\/post"}],"author":[{"embeddable":true,"href":"http:\/\/lared.news\/index.php\/wp-json\/wp\/v2\/users\/2"}],"replies":[{"embeddable":true,"href":"http:\/\/lared.news\/index.php\/wp-json\/wp\/v2\/comments?post=2594"}],"version-history":[{"count":1,"href":"http:\/\/lared.news\/index.php\/wp-json\/wp\/v2\/posts\/2594\/revisions"}],"predecessor-version":[{"id":2596,"href":"http:\/\/lared.news\/index.php\/wp-json\/wp\/v2\/posts\/2594\/revisions\/2596"}],"wp:featuredmedia":[{"embeddable":true,"href":"http:\/\/lared.news\/index.php\/wp-json\/wp\/v2\/media\/2595"}],"wp:attachment":[{"href":"http:\/\/lared.news\/index.php\/wp-json\/wp\/v2\/media?parent=2594"}],"wp:term":[{"taxonomy":"category","embeddable":true,"href":"http:\/\/lared.news\/index.php\/wp-json\/wp\/v2\/categories?post=2594"},{"taxonomy":"post_tag","embeddable":true,"href":"http:\/\/lared.news\/index.php\/wp-json\/wp\/v2\/tags?post=2594"}],"curies":[{"name":"wp","href":"https:\/\/api.w.org\/{rel}","templated":true}]}}