{"id":2611,"date":"2024-05-07T14:12:44","date_gmt":"2024-05-07T20:12:44","guid":{"rendered":"http:\/\/lared.news\/?p=2611"},"modified":"2024-05-07T14:13:04","modified_gmt":"2024-05-07T20:13:04","slug":"ariadna-ayala-rescatara-barrancas-de-atlixco","status":"publish","type":"post","link":"http:\/\/lared.news\/index.php\/2024\/05\/07\/ariadna-ayala-rescatara-barrancas-de-atlixco\/","title":{"rendered":"Ariadna Ayala rescatar\u00e1 barrancas de Atlixco"},"content":{"rendered":"<p>Atlixco, Puebla.- Ariadna Ayala, candidata de Morena, PT y Fuerza por M\u00e9xico a la presidencia de Atlixco, se reuni\u00f3 con vecinos del fraccionamiento Animas 1, donde present\u00f3 sus diferentes propuestas para hacer del municipio el mejor lugar para vivir de Puebla.<\/p>\n<p>Ariadna Ayala resalt\u00f3 que una de sus propuestas es la recuperaci\u00f3n y el rescate de las barrancas:<\/p>\n<ul>\n<li>La Leona<\/li>\n<li>El Carmen<\/li>\n<li>Cuexcomate<\/li>\n<li>Cantarranas<\/li>\n<\/ul>\n<p>En las que se realizar\u00e1n actividades de limpieza, cuidado y concientizaci\u00f3n para poder preservarlas y as\u00ed contribuir al cuidado del medio ambiente.<\/p>\n<p>La propuesta de Ariadna Ayala promover\u00e1 el desarrollo comunitario y la sustentabilidad ambiental en Atlixco.<\/p>\n<p>Ariadna Ayala enfatiz\u00f3 en la necesidad de trabajar en conjunto para conservar y proteger estos espacios naturales para las generaciones futuras.<\/p>\n","protected":false},"excerpt":{"rendered":"<p>Atlixco, Puebla.- Ariadna Ayala, candidata de Morena, PT y Fuerza por M\u00e9xico a la presidencia<\/p>\n","protected":false},"author":2,"featured_media":2612,"comment_status":"open","ping_status":"open","sticky":false,"template":"","format":"standard","meta":{"footnotes":""},"categories":[5],"tags":[251,222,223,1284,224],"class_list":["post-2611","post","type-post","status-publish","format-standard","has-post-thumbnail","hentry","category-atlixco","tag-ariadna-ayala","tag-atlixco","tag-atlixco-noticias","tag-barrancas-de-atlixco","tag-noticias-de-atlixco"],"jetpack_featured_media_url":"http:\/\/lared.news\/wp-content\/uploads\/2024\/05\/barrancas-de-atlixco.jpg","_links":{"self":[{"href":"http:\/\/lared.news\/index.php\/wp-json\/wp\/v2\/posts\/2611","targetHints":{"allow":["GET"]}}],"collection":[{"href":"http:\/\/lared.news\/index.php\/wp-json\/wp\/v2\/posts"}],"about":[{"href":"http:\/\/lared.news\/index.php\/wp-json\/wp\/v2\/types\/post"}],"author":[{"embeddable":true,"href":"http:\/\/lared.news\/index.php\/wp-json\/wp\/v2\/users\/2"}],"replies":[{"embeddable":true,"href":"http:\/\/lared.news\/index.php\/wp-json\/wp\/v2\/comments?post=2611"}],"version-history":[{"count":1,"href":"http:\/\/lared.news\/index.php\/wp-json\/wp\/v2\/posts\/2611\/revisions"}],"predecessor-version":[{"id":2613,"href":"http:\/\/lared.news\/index.php\/wp-json\/wp\/v2\/posts\/2611\/revisions\/2613"}],"wp:featuredmedia":[{"embeddable":true,"href":"http:\/\/lared.news\/index.php\/wp-json\/wp\/v2\/media\/2612"}],"wp:attachment":[{"href":"http:\/\/lared.news\/index.php\/wp-json\/wp\/v2\/media?parent=2611"}],"wp:term":[{"taxonomy":"category","embeddable":true,"href":"http:\/\/lared.news\/index.php\/wp-json\/wp\/v2\/categories?post=2611"},{"taxonomy":"post_tag","embeddable":true,"href":"http:\/\/lared.news\/index.php\/wp-json\/wp\/v2\/tags?post=2611"}],"curies":[{"name":"wp","href":"https:\/\/api.w.org\/{rel}","templated":true}]}}