{"id":2625,"date":"2024-05-08T17:04:46","date_gmt":"2024-05-08T23:04:46","guid":{"rendered":"http:\/\/lared.news\/?p=2625"},"modified":"2024-05-08T17:04:46","modified_gmt":"2024-05-08T23:04:46","slug":"atlixquenses-votaran-por-ariadna-ayala-para-que-continue-la-transformacion","status":"publish","type":"post","link":"http:\/\/lared.news\/index.php\/2024\/05\/08\/atlixquenses-votaran-por-ariadna-ayala-para-que-continue-la-transformacion\/","title":{"rendered":"Atlixquenses votar\u00e1n por Ariadna Ayala para que contin\u00fae la transformaci\u00f3n"},"content":{"rendered":"<p>Atlixco, Puebla.- Ariadna Ayala, candidata a la presidencia de Atlixco por Morena, PT y Fuerza por M\u00e9xico, recibi\u00f3 apoyo y respaldo en las recientes colonias que visit\u00f3.<\/p>\n<p>La Dra. Ariadna Ayala fue reconocida por los vecinos de Prado Sur, Las Nieves, La Guardia y Lomas de Tejaluca, como una Mujer de Resultados, gracias al gran trabajo que ya ha desempe\u00f1ado al frente de la administraci\u00f3n.<\/p>\n<p>Por esto, los <strong>colonos aseguraron que este 2 de junio, votar\u00e1n por Ariadna Ayala porque quieren que siga viendo por el bienestar de Atlixco<\/strong>.<\/p>\n<blockquote><p>&#8220;Ten\u00eda que llegar una mujer para demostrarles c\u00f3mo se tienen que hacer las cosas. Queremos que siga trabajando por Atlixco\u201d, manifestaron.<\/p><\/blockquote>\n<p>Ariadna Ayala asegur\u00f3 que va a continuar trabajando para que, entre todos, Atlixco pueda convertirse en el mejor lugar para vivir de Puebla.<\/p>\n","protected":false},"excerpt":{"rendered":"<p>Atlixco, Puebla.- Ariadna Ayala, candidata a la presidencia de Atlixco por Morena, PT y Fuerza<\/p>\n","protected":false},"author":2,"featured_media":2626,"comment_status":"open","ping_status":"open","sticky":false,"template":"","format":"standard","meta":{"footnotes":""},"categories":[5],"tags":[251,1289,222,223,224],"class_list":["post-2625","post","type-post","status-publish","format-standard","has-post-thumbnail","hentry","category-atlixco","tag-ariadna-ayala","tag-ariadna-ayala-candidata-a-la-presidencia-de-atlixco","tag-atlixco","tag-atlixco-noticias","tag-noticias-de-atlixco"],"jetpack_featured_media_url":"http:\/\/lared.news\/wp-content\/uploads\/2024\/05\/ariadna.jpg","_links":{"self":[{"href":"http:\/\/lared.news\/index.php\/wp-json\/wp\/v2\/posts\/2625","targetHints":{"allow":["GET"]}}],"collection":[{"href":"http:\/\/lared.news\/index.php\/wp-json\/wp\/v2\/posts"}],"about":[{"href":"http:\/\/lared.news\/index.php\/wp-json\/wp\/v2\/types\/post"}],"author":[{"embeddable":true,"href":"http:\/\/lared.news\/index.php\/wp-json\/wp\/v2\/users\/2"}],"replies":[{"embeddable":true,"href":"http:\/\/lared.news\/index.php\/wp-json\/wp\/v2\/comments?post=2625"}],"version-history":[{"count":1,"href":"http:\/\/lared.news\/index.php\/wp-json\/wp\/v2\/posts\/2625\/revisions"}],"predecessor-version":[{"id":2627,"href":"http:\/\/lared.news\/index.php\/wp-json\/wp\/v2\/posts\/2625\/revisions\/2627"}],"wp:featuredmedia":[{"embeddable":true,"href":"http:\/\/lared.news\/index.php\/wp-json\/wp\/v2\/media\/2626"}],"wp:attachment":[{"href":"http:\/\/lared.news\/index.php\/wp-json\/wp\/v2\/media?parent=2625"}],"wp:term":[{"taxonomy":"category","embeddable":true,"href":"http:\/\/lared.news\/index.php\/wp-json\/wp\/v2\/categories?post=2625"},{"taxonomy":"post_tag","embeddable":true,"href":"http:\/\/lared.news\/index.php\/wp-json\/wp\/v2\/tags?post=2625"}],"curies":[{"name":"wp","href":"https:\/\/api.w.org\/{rel}","templated":true}]}}