{"id":2662,"date":"2024-05-16T17:46:55","date_gmt":"2024-05-16T23:46:55","guid":{"rendered":"http:\/\/lared.news\/?p=2662"},"modified":"2024-05-16T17:46:55","modified_gmt":"2024-05-16T23:46:55","slug":"miembro-del-equipo-del-candidato-de-accion-nacional-benjamin-minutti-extorsiona-a-candidato-a-sindico-de-la-planilla-de-la-candidata-de-la-presidencia-municipal-por-morena-pt","status":"publish","type":"post","link":"http:\/\/lared.news\/index.php\/2024\/05\/16\/miembro-del-equipo-del-candidato-de-accion-nacional-benjamin-minutti-extorsiona-a-candidato-a-sindico-de-la-planilla-de-la-candidata-de-la-presidencia-municipal-por-morena-pt\/","title":{"rendered":"Miembro del equipo del candidato de Acci\u00f3n Nacional, Benjam\u00edn Minutti, extorsiona a candidato a s\u00edndico de la planilla de la candidata de la presidencia municipal por Morena PT"},"content":{"rendered":"<p>Atlixco, Puebla.- Iv\u00e1n Cort\u00e9s y Zacnict\u00e9 Santiago, candidatos a s\u00edndico y presidenta suplente, respectivamente, aseguraron que la mujer fue identificada como Lizbeth N, como la presunta responsable por querer extorsionarlos.<\/p>\n<p>Presentaron en rueda de prensa hechos de extorsi\u00f3n asegurando que el 13 de Mayo se present\u00f3 la denuncia por este delito ante la fiscal\u00eda especializada en delitos de alto impacto.<\/p>\n<p>El 8 de Mayo, Iv\u00e1n Cort\u00e9s recibe una llamada de Lizbeth N, y le solicita dinero para no iniciar una campa\u00f1a de desprestigio.<\/p>\n<blockquote><p>El 10 de Mayo, Lizbeth N solicita reunirse con Iv\u00e1n Cort\u00e9s, accede y en la conversaci\u00f3n la f\u00e9mina solicita la cantidad de 550 mil pesos para no iniciar una guerra sucia, asegurando que pertenec\u00eda al equipo del candidato del Partido Acci\u00f3n Nacional, Benjam\u00edn Minutti.<\/p><\/blockquote>\n<p>Lizbeth N insisti\u00f3 en querer el dinero para no iniciar la guerra sucia contra la candidata de Morena PT y todo su equipo.<\/p>\n<p>Es por eso que <strong>Iv\u00e1n Cort\u00e9s y Zacnict\u00e9 Santiago responsabilizaron a Lizbeth N por cualquier acto que ponga en riesgo la integridad o patrimonio de los miembros y familiares de la planilla<\/strong> de la coalici\u00f3n juntos seguiremos haciendo historia en el municipio de Atlixco.<\/p>\n","protected":false},"excerpt":{"rendered":"<p>Atlixco, Puebla.- Iv\u00e1n Cort\u00e9s y Zacnict\u00e9 Santiago, candidatos a s\u00edndico y presidenta suplente, respectivamente, aseguraron<\/p>\n","protected":false},"author":2,"featured_media":2663,"comment_status":"open","ping_status":"open","sticky":false,"template":"","format":"standard","meta":{"footnotes":""},"categories":[5],"tags":[222,1216,1292,622],"class_list":["post-2662","post","type-post","status-publish","format-standard","has-post-thumbnail","hentry","category-atlixco","tag-atlixco","tag-benjamin-minutti","tag-candidato-del-partido-accion-nacional-benjamin-minutti","tag-municipio-de-atlixco"],"jetpack_featured_media_url":"http:\/\/lared.news\/wp-content\/uploads\/2024\/05\/extorcion.jpg","_links":{"self":[{"href":"http:\/\/lared.news\/index.php\/wp-json\/wp\/v2\/posts\/2662","targetHints":{"allow":["GET"]}}],"collection":[{"href":"http:\/\/lared.news\/index.php\/wp-json\/wp\/v2\/posts"}],"about":[{"href":"http:\/\/lared.news\/index.php\/wp-json\/wp\/v2\/types\/post"}],"author":[{"embeddable":true,"href":"http:\/\/lared.news\/index.php\/wp-json\/wp\/v2\/users\/2"}],"replies":[{"embeddable":true,"href":"http:\/\/lared.news\/index.php\/wp-json\/wp\/v2\/comments?post=2662"}],"version-history":[{"count":1,"href":"http:\/\/lared.news\/index.php\/wp-json\/wp\/v2\/posts\/2662\/revisions"}],"predecessor-version":[{"id":2664,"href":"http:\/\/lared.news\/index.php\/wp-json\/wp\/v2\/posts\/2662\/revisions\/2664"}],"wp:featuredmedia":[{"embeddable":true,"href":"http:\/\/lared.news\/index.php\/wp-json\/wp\/v2\/media\/2663"}],"wp:attachment":[{"href":"http:\/\/lared.news\/index.php\/wp-json\/wp\/v2\/media?parent=2662"}],"wp:term":[{"taxonomy":"category","embeddable":true,"href":"http:\/\/lared.news\/index.php\/wp-json\/wp\/v2\/categories?post=2662"},{"taxonomy":"post_tag","embeddable":true,"href":"http:\/\/lared.news\/index.php\/wp-json\/wp\/v2\/tags?post=2662"}],"curies":[{"name":"wp","href":"https:\/\/api.w.org\/{rel}","templated":true}]}}