{"id":2665,"date":"2024-05-16T18:01:49","date_gmt":"2024-05-17T00:01:49","guid":{"rendered":"http:\/\/lared.news\/?p=2665"},"modified":"2024-05-16T18:01:49","modified_gmt":"2024-05-17T00:01:49","slug":"ciudadania-tiene-hasta-el-20-de-mayo-para-solicitar-la-reimpresion-de-credencial-para-votar","status":"publish","type":"post","link":"http:\/\/lared.news\/index.php\/2024\/05\/16\/ciudadania-tiene-hasta-el-20-de-mayo-para-solicitar-la-reimpresion-de-credencial-para-votar\/","title":{"rendered":"Ciudadan\u00eda tiene hasta el 20 de mayo para solicitar la reimpresi\u00f3n de credencial para votar"},"content":{"rendered":"<ul>\n<li>Una vez hecho el tr\u00e1mite, debe acudir por su mica reimpresa a m\u00e1s tardar el 31 de mayo de 2024<\/li>\n<\/ul>\n<p>El Instituto Nacional Electoral <strong>(INE) informa a la ciudadan\u00eda que el pr\u00f3ximo 20 de mayo de 2024 vence el plazo para solicitar la reimpresi\u00f3n de su Credencial para Votar (sin cambio de datos) y la fecha l\u00edmite para recogerla es el 31 de mayo, a fin de que pueda participar en la Jornada Electoral del 2 de junio<\/strong>.<\/p>\n<blockquote><p>Para esto, la ciudadan\u00eda debe ubicar el M\u00f3dulo de Atenci\u00f3n Ciudadana (MAC) de su preferencia -lo puede consultar en el portal https:\/\/ubicatumodulo.ine.mx\/- y hacer una cita en el Sistema de Atenci\u00f3n Ciudadana https:\/\/app-inter.ife.org.mx\/siac2011\/citas_initCapturaCitas.siac o bien, a trav\u00e9s de INETEL al 800 433 2000. Tambi\u00e9n es posible que asista directamente al MAC sin cita y se le atender\u00e1 en funci\u00f3n del n\u00famero de personas que est\u00e1n esperando atenci\u00f3n.<\/p><\/blockquote>\n<p>La o el ciudadano tiene que acudir al MAC el d\u00eda de su cita en donde se le atender\u00e1 de acuerdo con los protocolos de atenci\u00f3n ciudadana aprobados por el INE y, finalmente, debe ir al mismo m\u00f3dulo para recoger la Credencial para Votar en la fecha se\u00f1alada al hacer el tr\u00e1mite.<\/p>\n<p style=\"padding-left: 40px;\">Antes de ir a recoger su Credencial para Votar, puede verificar el estatus en el portal: https:\/\/consulta-tramite.ine.mx\/nacional\/archivos2\/portal\/credencial\/tramite\/.<\/p>\n<p>El INE recuerda que todas las citas en los MAC son gratuitas y que los documentos para realizar el tr\u00e1mite deben ser originales y vigentes. En caso de no poder asistir, se solicita a la ciudadan\u00eda cancelar su cita para dar oportunidad a otras personas que la necesitan.<\/p>\n","protected":false},"excerpt":{"rendered":"<p>Una vez hecho el tr\u00e1mite, debe acudir por su mica reimpresa a m\u00e1s tardar el<\/p>\n","protected":false},"author":2,"featured_media":2666,"comment_status":"open","ping_status":"open","sticky":false,"template":"","format":"standard","meta":{"footnotes":""},"categories":[7],"tags":[1294,415,1295,1293],"class_list":["post-2665","post","type-post","status-publish","format-standard","has-post-thumbnail","hentry","category-mas-noticias","tag-credencial-para-votar","tag-instituto-nacional-electoral-ine","tag-jornada-electoral-del-2-de-junio","tag-modulo-de-atencion-ciudadana-mac"],"jetpack_featured_media_url":"http:\/\/lared.news\/wp-content\/uploads\/2024\/05\/credencial.jpg","_links":{"self":[{"href":"http:\/\/lared.news\/index.php\/wp-json\/wp\/v2\/posts\/2665","targetHints":{"allow":["GET"]}}],"collection":[{"href":"http:\/\/lared.news\/index.php\/wp-json\/wp\/v2\/posts"}],"about":[{"href":"http:\/\/lared.news\/index.php\/wp-json\/wp\/v2\/types\/post"}],"author":[{"embeddable":true,"href":"http:\/\/lared.news\/index.php\/wp-json\/wp\/v2\/users\/2"}],"replies":[{"embeddable":true,"href":"http:\/\/lared.news\/index.php\/wp-json\/wp\/v2\/comments?post=2665"}],"version-history":[{"count":1,"href":"http:\/\/lared.news\/index.php\/wp-json\/wp\/v2\/posts\/2665\/revisions"}],"predecessor-version":[{"id":2667,"href":"http:\/\/lared.news\/index.php\/wp-json\/wp\/v2\/posts\/2665\/revisions\/2667"}],"wp:featuredmedia":[{"embeddable":true,"href":"http:\/\/lared.news\/index.php\/wp-json\/wp\/v2\/media\/2666"}],"wp:attachment":[{"href":"http:\/\/lared.news\/index.php\/wp-json\/wp\/v2\/media?parent=2665"}],"wp:term":[{"taxonomy":"category","embeddable":true,"href":"http:\/\/lared.news\/index.php\/wp-json\/wp\/v2\/categories?post=2665"},{"taxonomy":"post_tag","embeddable":true,"href":"http:\/\/lared.news\/index.php\/wp-json\/wp\/v2\/tags?post=2665"}],"curies":[{"name":"wp","href":"https:\/\/api.w.org\/{rel}","templated":true}]}}